{"id":773,"date":"2026-09-02T20:56:28","date_gmt":"2026-09-03T00:56:28","guid":{"rendered":"https:\/\/ledistingoinfo.com\/?p=773"},"modified":"2026-09-02T20:56:32","modified_gmt":"2026-09-03T00:56:32","slug":"caricom-haiti-raina-forbin-epg-delegation","status":"publish","type":"post","link":"https:\/\/ledistingoinfo.com\/?p=773","title":{"rendered":"CARICOM en Ha\u00efti : le groupe des \u00c9minentes Personnalit\u00e9s rencontre la Chancellerie"},"content":{"rendered":"\n<pre class=\"wp-block-verse\"><strong>Le groupe des \u00c9minentes Personnalit\u00e9s (EPG) de la CARICOM est arriv\u00e9 en Ha\u00efti ce mercredi 2 septembre 2026. Il a d\u00e9j\u00e0 rencontr\u00e9 la Ministre des Affaires \u00e9trang\u00e8res, Raina Forbin, \u00e0 la Chancellerie. Jusqu'au 9 septembre, la d\u00e9l\u00e9gation doit encore \u00e9changer avec plusieurs acteurs politiques et de la soci\u00e9t\u00e9 civile.<\/strong><\/pre>\n\n\n\n<figure class=\"wp-block-image size-large\"><img  title=\"\"   alt=\"1003032132-1-1024x576 CARICOM en Ha\u00efti : le groupe des \u00c9minentes Personnalit\u00e9s rencontre la Chancellerie\"  class=\"wp-image-781\"\/ width=\"1024\" height=\"576\" loading=\"eager\" fetchpriority=\"high\" decoding=\"async\" src=\"https:\/\/ledistingoinfo.com\/wp-content\/uploads\/2026\/09\/1003032132-1-1024x576.jpg\" srcset=\"https:\/\/ledistingoinfo.com\/wp-content\/uploads\/2026\/09\/1003032132-1-1024x576.jpg 1024w, https:\/\/ledistingoinfo.com\/wp-content\/uploads\/2026\/09\/1003032132-1-300x169.jpg 300w, https:\/\/ledistingoinfo.com\/wp-content\/uploads\/2026\/09\/1003032132-1-768x432.jpg 768w, https:\/\/ledistingoinfo.com\/wp-content\/uploads\/2026\/09\/1003032132-1-1536x864.jpg 1536w, https:\/\/ledistingoinfo.com\/wp-content\/uploads\/2026\/09\/1003032132-1.jpg 2048w\" sizes=\"(max-width: 1024px) 100vw, 1024px\" \/><\/figure>\n\n\n\n<p>Le groupe des \u00c9minentes Personnalit\u00e9s de la CARICOM entame sa mission en Ha\u00efti ce mercredi. Sa premi\u00e8re \u00e9tape le conduit \u00e0 la Chancellerie, o\u00f9 la Ministre des Affaires \u00e9trang\u00e8res, Raina Forbin, re\u00e7oit la d\u00e9l\u00e9gation. Un d\u00e9jeuner de travail suit cette rencontre.<\/p>\n\n\n\n<p>Cette visite s&rsquo;inscrit dans un calendrier plus large. En effet, la d\u00e9l\u00e9gation s\u00e9journe \u00e0 Port-au-Prince du 2 au 9 septembre 2026. Durant cette semaine, elle doit rencontrer plusieurs repr\u00e9sentants du secteur politique et de la soci\u00e9t\u00e9 civile, afin de recueillir leurs positions sur la situation actuelle du pays.<\/p>\n\n\n\n<h2 class=\"wp-block-heading\">Qui compose la d\u00e9l\u00e9gation ?<\/h2>\n\n\n\n<div class=\"wp-block-jetpack-slideshow aligncenter\" data-effect=\"slide\"><div class=\"wp-block-jetpack-slideshow_container swiper\"><ul class=\"wp-block-jetpack-slideshow_swiper-wrapper swiper-wrapper\"><li class=\"wp-block-jetpack-slideshow_slide swiper-slide\"><figure><img  title=\"\"  alt=\"1003031854-1024x605 CARICOM en Ha\u00efti : le groupe des \u00c9minentes Personnalit\u00e9s rencontre la Chancellerie\"  class=\"wp-block-jetpack-slideshow_image wp-image-775\" data-id=\"775\" \/ width=\"1024\" height=\"605\" loading=\"lazy\" decoding=\"async\" src=\"https:\/\/ledistingoinfo.com\/wp-content\/uploads\/2026\/09\/1003031854-1024x605.jpg\" srcset=\"https:\/\/ledistingoinfo.com\/wp-content\/uploads\/2026\/09\/1003031854-1024x605.jpg 1024w, https:\/\/ledistingoinfo.com\/wp-content\/uploads\/2026\/09\/1003031854-300x177.jpg 300w, https:\/\/ledistingoinfo.com\/wp-content\/uploads\/2026\/09\/1003031854-768x454.jpg 768w, https:\/\/ledistingoinfo.com\/wp-content\/uploads\/2026\/09\/1003031854-1536x908.jpg 1536w, https:\/\/ledistingoinfo.com\/wp-content\/uploads\/2026\/09\/1003031854.jpg 2048w\" sizes=\"(max-width: 1024px) 100vw, 1024px\" \/><figcaption class=\"wp-block-jetpack-slideshow_caption gallery-caption\"><\/figcaption><\/figure><\/li><li class=\"wp-block-jetpack-slideshow_slide swiper-slide\"><figure><img  title=\"\"  alt=\"1003031859 CARICOM en Ha\u00efti : le groupe des \u00c9minentes Personnalit\u00e9s rencontre la Chancellerie\"  class=\"wp-block-jetpack-slideshow_image wp-image-778\" data-id=\"778\" data-aspect-ratio=\"2048 \/ 1152\" \/ width=\"2048\" height=\"1152\" loading=\"lazy\" decoding=\"async\" src=\"https:\/\/ledistingoinfo.com\/wp-content\/uploads\/2026\/09\/1003031859.jpg\" srcset=\"https:\/\/ledistingoinfo.com\/wp-content\/uploads\/2026\/09\/1003031859.jpg 2048w, https:\/\/ledistingoinfo.com\/wp-content\/uploads\/2026\/09\/1003031859-300x169.jpg 300w, https:\/\/ledistingoinfo.com\/wp-content\/uploads\/2026\/09\/1003031859-1024x576.jpg 1024w, https:\/\/ledistingoinfo.com\/wp-content\/uploads\/2026\/09\/1003031859-768x432.jpg 768w, https:\/\/ledistingoinfo.com\/wp-content\/uploads\/2026\/09\/1003031859-1536x864.jpg 1536w\" sizes=\"(max-width: 2048px) 100vw, 2048px\" \/><\/figure><\/li><li class=\"wp-block-jetpack-slideshow_slide swiper-slide\"><figure><img  title=\"\"  alt=\"1003031856 CARICOM en Ha\u00efti : le groupe des \u00c9minentes Personnalit\u00e9s rencontre la Chancellerie\"  class=\"wp-block-jetpack-slideshow_image wp-image-776\" data-id=\"776\" data-aspect-ratio=\"2048 \/ 1152\" \/ width=\"2048\" height=\"1152\" loading=\"lazy\" decoding=\"async\" src=\"https:\/\/ledistingoinfo.com\/wp-content\/uploads\/2026\/09\/1003031856.jpg\" srcset=\"https:\/\/ledistingoinfo.com\/wp-content\/uploads\/2026\/09\/1003031856.jpg 2048w, https:\/\/ledistingoinfo.com\/wp-content\/uploads\/2026\/09\/1003031856-300x169.jpg 300w, https:\/\/ledistingoinfo.com\/wp-content\/uploads\/2026\/09\/1003031856-1024x576.jpg 1024w, https:\/\/ledistingoinfo.com\/wp-content\/uploads\/2026\/09\/1003031856-768x432.jpg 768w, https:\/\/ledistingoinfo.com\/wp-content\/uploads\/2026\/09\/1003031856-1536x864.jpg 1536w\" sizes=\"(max-width: 2048px) 100vw, 2048px\" \/><\/figure><\/li><li class=\"wp-block-jetpack-slideshow_slide swiper-slide\"><figure><img  title=\"\"  alt=\"1003031855 CARICOM en Ha\u00efti : le groupe des \u00c9minentes Personnalit\u00e9s rencontre la Chancellerie\"  class=\"wp-block-jetpack-slideshow_image wp-image-777\" data-id=\"777\" data-aspect-ratio=\"2048 \/ 1210\" \/ width=\"2048\" height=\"1210\" loading=\"lazy\" decoding=\"async\" src=\"https:\/\/ledistingoinfo.com\/wp-content\/uploads\/2026\/09\/1003031855.jpg\" srcset=\"https:\/\/ledistingoinfo.com\/wp-content\/uploads\/2026\/09\/1003031855.jpg 2048w, https:\/\/ledistingoinfo.com\/wp-content\/uploads\/2026\/09\/1003031855-300x177.jpg 300w, https:\/\/ledistingoinfo.com\/wp-content\/uploads\/2026\/09\/1003031855-1024x605.jpg 1024w, https:\/\/ledistingoinfo.com\/wp-content\/uploads\/2026\/09\/1003031855-768x454.jpg 768w, https:\/\/ledistingoinfo.com\/wp-content\/uploads\/2026\/09\/1003031855-1536x908.jpg 1536w\" sizes=\"(max-width: 2048px) 100vw, 2048px\" \/><\/figure><\/li><li class=\"wp-block-jetpack-slideshow_slide swiper-slide\"><figure><img  title=\"\"  alt=\"1003032127 CARICOM en Ha\u00efti : le groupe des \u00c9minentes Personnalit\u00e9s rencontre la Chancellerie\"  class=\"wp-block-jetpack-slideshow_image wp-image-779\" data-id=\"779\" data-aspect-ratio=\"1342 \/ 2048\" \/ width=\"1342\" height=\"2048\" loading=\"lazy\" decoding=\"async\" src=\"https:\/\/ledistingoinfo.com\/wp-content\/uploads\/2026\/09\/1003032127.jpg\" srcset=\"https:\/\/ledistingoinfo.com\/wp-content\/uploads\/2026\/09\/1003032127.jpg 1342w, https:\/\/ledistingoinfo.com\/wp-content\/uploads\/2026\/09\/1003032127-197x300.jpg 197w, https:\/\/ledistingoinfo.com\/wp-content\/uploads\/2026\/09\/1003032127-671x1024.jpg 671w, https:\/\/ledistingoinfo.com\/wp-content\/uploads\/2026\/09\/1003032127-768x1172.jpg 768w, https:\/\/ledistingoinfo.com\/wp-content\/uploads\/2026\/09\/1003032127-1007x1536.jpg 1007w\" sizes=\"(max-width: 1342px) 100vw, 1342px\" \/><\/figure><\/li><li class=\"wp-block-jetpack-slideshow_slide swiper-slide\"><figure><img  title=\"\"  alt=\"1003032132 CARICOM en Ha\u00efti : le groupe des \u00c9minentes Personnalit\u00e9s rencontre la Chancellerie\"  class=\"wp-block-jetpack-slideshow_image wp-image-780\" data-id=\"780\" data-aspect-ratio=\"2048 \/ 1152\" \/ width=\"2048\" height=\"1152\" loading=\"lazy\" decoding=\"async\" src=\"https:\/\/ledistingoinfo.com\/wp-content\/uploads\/2026\/09\/1003032132.jpg\" srcset=\"https:\/\/ledistingoinfo.com\/wp-content\/uploads\/2026\/09\/1003032132.jpg 2048w, https:\/\/ledistingoinfo.com\/wp-content\/uploads\/2026\/09\/1003032132-300x169.jpg 300w, https:\/\/ledistingoinfo.com\/wp-content\/uploads\/2026\/09\/1003032132-1024x576.jpg 1024w, https:\/\/ledistingoinfo.com\/wp-content\/uploads\/2026\/09\/1003032132-768x432.jpg 768w, https:\/\/ledistingoinfo.com\/wp-content\/uploads\/2026\/09\/1003032132-1536x864.jpg 1536w\" sizes=\"(max-width: 2048px) 100vw, 2048px\" \/><\/figure><\/li><\/ul><a class=\"wp-block-jetpack-slideshow_button-prev swiper-button-prev swiper-button-white\" role=\"button\"><\/a><a class=\"wp-block-jetpack-slideshow_button-next swiper-button-next swiper-button-white\" role=\"button\"><\/a><a aria-label=\"Pause Slideshow\" class=\"wp-block-jetpack-slideshow_button-pause\" role=\"button\"><\/a><div class=\"wp-block-jetpack-slideshow_pagination swiper-pagination swiper-pagination-white\"><\/div><\/div><\/div>\n\n\n\n<p>La d\u00e9l\u00e9gation r\u00e9unit plusieurs figures politiques r\u00e9gionales de premier plan. Trois anciens Premiers ministres en font partie : Kenny Anthony, de Sainte-Lucie, Orette Bruce Golding, de la Jama\u00efque, et Perry Christie, des Bahamas.<\/p>\n\n\n\n<p>Plusieurs cadres de la CARICOM les accompagnent \u00e9galement. L&rsquo;Ambassadeur Colin Granderson, la Secr\u00e9taire g\u00e9n\u00e9rale adjointe Elizabeth Solomon et Anna-Lisa Jones-Reis, Charg\u00e9e de projet au Secr\u00e9tariat de la CARICOM, participent \u00e0 la mission. Par ailleurs, l&rsquo;Ambassadrice Jerusa Ali, Directrice g\u00e9n\u00e9rale du Minist\u00e8re des Affaires \u00e9trang\u00e8res des Bahamas, et le Charg\u00e9 d&rsquo;Affaires des Bahamas, Julian Smith, compl\u00e8tent le groupe.<\/p>\n\n\n\n<h2 class=\"wp-block-heading\">S\u00e9curit\u00e9 et \u00e9lections au menu des discussions<\/h2>\n\n\n\n<p>Lors de cette premi\u00e8re rencontre, les \u00e9changes portent sur la situation politique et s\u00e9curitaire du pays. Les deux parties abordent \u00e9galement l&rsquo;\u00e9volution du processus \u00e9lectoral. Ainsi, la discussion s&rsquo;oriente vers les conditions n\u00e9cessaires \u00e0 la tenue d&rsquo;\u00e9lections libres, cr\u00e9dibles, inclusives et s\u00e9curis\u00e9es.<\/p>\n\n\n\n<p>L&rsquo;accompagnement de la CARICOM aux efforts des autorit\u00e9s ha\u00eftiennes figure aussi parmi les sujets discut\u00e9s. Par ailleurs, la question de la neutralit\u00e9 dans le cadre de la transition devrait \u00e9galement revenir dans les prochains entretiens de la d\u00e9l\u00e9gation, au fil de sa semaine \u00e0 Port-au-Prince.<\/p>\n\n\n\n<h2 class=\"wp-block-heading\">Les prochaines \u00e9tapes de la mission<\/h2>\n\n\n\n<p>Au-del\u00e0 de cette rencontre avec la Chancellerie, le programme de la d\u00e9l\u00e9gation reste charg\u00e9. Elle doit en effet s&rsquo;entretenir avec diff\u00e9rents partis et regroupements politiques dans les jours \u00e0 venir. La majorit\u00e9 des acteurs politiques devrait ainsi \u00e9changer avec les repr\u00e9sentants de la CARICOM, notamment pour leur faire part de leurs pr\u00e9occupations sur la situation s\u00e9curitaire.<\/p>\n\n\n\n<p>Le Distingo Info <\/p>\n","protected":false},"excerpt":{"rendered":"<p>Le groupe des \u00c9minentes Personnalit\u00e9s (EPG) de la CARICOM est arriv\u00e9 en Ha\u00efti ce mercredi 2 septembre 2026. Il a d\u00e9j\u00e0 rencontr\u00e9 la Ministre des Affaires \u00e9trang\u00e8res, Raina Forbin, \u00e0 la Chancellerie. Jusqu&rsquo;au 9 septembre, la d\u00e9l\u00e9gation doit encore \u00e9changer avec plusieurs acteurs politiques et de la soci\u00e9t\u00e9 civile. Le groupe des \u00c9minentes Personnalit\u00e9s de [&hellip;]<\/p>\n","protected":false},"author":1,"featured_media":774,"comment_status":"open","ping_status":"open","sticky":false,"template":"","format":"standard","meta":{"_jetpack_memberships_contains_paid_content":false,"footnotes":"","beyondwords_generate_audio":"","beyondwords_project_id":"","beyondwords_content_id":"","beyondwords_preview_token":"","beyondwords_player_content":"","beyondwords_player_style":"","beyondwords_language_code":"","beyondwords_language_id":"","beyondwords_title_voice_id":"","beyondwords_body_voice_id":"","beyondwords_summary_voice_id":"","beyondwords_error_message":"","beyondwords_disabled":"","beyondwords_delete_content":"","beyondwords_podcast_id":"","beyondwords_hash":"","publish_post_to_speechkit":"","speechkit_hash":"","speechkit_generate_audio":"","speechkit_project_id":"","speechkit_podcast_id":"","speechkit_error_message":"","speechkit_disabled":"","speechkit_access_key":"","speechkit_error":"","speechkit_info":"","speechkit_response":"","speechkit_retries":"","speechkit_status":"","speechkit_updated_at":"","_speechkit_link":"","_speechkit_text":""},"categories":[1,2],"tags":[134,142,145,118,144,143],"class_list":["post-773","post","type-post","status-publish","format-standard","has-post-thumbnail","hentry","category-actualites","category-politique","tag-alix-didier-fils-aime","tag-caricom","tag-diplomatie","tag-elections-haiti","tag-epg","tag-raina-forbin"],"yoast_head":"<!-- This site is optimized with the Yoast SEO plugin v28.2 - https:\/\/yoast.com\/product\/yoast-seo-wordpress\/ -->\n<title>CARICOM en Ha\u00efti : rencontre avec Raina Forbin<\/title>\n<meta name=\"description\" content=\"Le groupe des \u00c9minentes Personnalit\u00e9s de la CARICOM rencontre Raina Forbin \u00e0 Port-au-Prince, avant d&#039;autres \u00e9changes jusqu&#039;au 9 septembre.\" \/>\n<meta name=\"robots\" content=\"index, follow, max-snippet:-1, max-image-preview:large, max-video-preview:-1\" \/>\n<link rel=\"canonical\" href=\"https:\/\/ledistingoinfo.com\/?p=773\" \/>\n<meta property=\"og:locale\" content=\"fr_FR\" \/>\n<meta property=\"og:type\" content=\"article\" \/>\n<meta property=\"og:title\" content=\"CARICOM en Ha\u00efti : rencontre avec Raina Forbin\" \/>\n<meta property=\"og:description\" content=\"Le groupe des \u00c9minentes Personnalit\u00e9s de la CARICOM rencontre Raina Forbin \u00e0 Port-au-Prince, avant d&#039;autres \u00e9changes jusqu&#039;au 9 septembre.\" \/>\n<meta property=\"og:url\" content=\"https:\/\/ledistingoinfo.com\/?p=773\" \/>\n<meta property=\"og:site_name\" content=\"Le Distingo Info\" \/>\n<meta property=\"article:published_time\" content=\"2026-09-03T00:56:28+00:00\" \/>\n<meta property=\"article:modified_time\" content=\"2026-09-03T00:56:32+00:00\" \/>\n<meta property=\"og:image\" content=\"https:\/\/ledistingoinfo.com\/wp-content\/uploads\/2026\/09\/1003032043-scaled.jpg\" \/>\n\t<meta property=\"og:image:width\" content=\"2560\" \/>\n\t<meta property=\"og:image:height\" content=\"2560\" \/>\n\t<meta property=\"og:image:type\" content=\"image\/jpeg\" \/>\n<meta name=\"author\" content=\"Le Distingo Info\" \/>\n<meta name=\"twitter:card\" content=\"summary_large_image\" \/>\n<meta name=\"twitter:label1\" content=\"\u00c9crit par\" \/>\n\t<meta name=\"twitter:data1\" content=\"Le Distingo Info\" \/>\n\t<meta name=\"twitter:label2\" content=\"Dur\u00e9e de lecture estim\u00e9e\" \/>\n\t<meta name=\"twitter:data2\" content=\"4 minutes\" \/>\n<script type=\"application\/ld+json\" class=\"yoast-schema-graph\">{\"@context\":\"https:\\\/\\\/schema.org\",\"@graph\":[{\"@type\":\"Article\",\"@id\":\"https:\\\/\\\/ledistingoinfo.com\\\/?p=773#article\",\"isPartOf\":{\"@id\":\"https:\\\/\\\/ledistingoinfo.com\\\/?p=773\"},\"author\":{\"name\":\"Le Distingo Info\",\"@id\":\"https:\\\/\\\/ledistingoinfo.com\\\/#\\\/schema\\\/person\\\/40c982e487f714e93b835b9e915fbc39\"},\"headline\":\"CARICOM en Ha\u00efti : le groupe des \u00c9minentes Personnalit\u00e9s rencontre la Chancellerie\",\"datePublished\":\"2026-09-03T00:56:28+00:00\",\"dateModified\":\"2026-09-03T00:56:32+00:00\",\"mainEntityOfPage\":{\"@id\":\"https:\\\/\\\/ledistingoinfo.com\\\/?p=773\"},\"wordCount\":402,\"commentCount\":0,\"publisher\":{\"@id\":\"https:\\\/\\\/ledistingoinfo.com\\\/#organization\"},\"image\":{\"@id\":\"https:\\\/\\\/ledistingoinfo.com\\\/?p=773#primaryimage\"},\"thumbnailUrl\":\"https:\\\/\\\/ledistingoinfo.com\\\/wp-content\\\/uploads\\\/2026\\\/09\\\/1003032043-scaled.jpg\",\"keywords\":[\"Alix Didier Fils-Aim\u00e9\",\"CARICOM\",\"Diplomatie\",\"\u00c9lections Ha\u00efti\",\"EPG\",\"Raina Forbin\"],\"articleSection\":[\"Actualit\u00e9s\",\"Politique\"],\"inLanguage\":\"fr-FR\",\"potentialAction\":[{\"@type\":\"CommentAction\",\"name\":\"Comment\",\"target\":[\"https:\\\/\\\/ledistingoinfo.com\\\/?p=773#respond\"]}]},{\"@type\":\"WebPage\",\"@id\":\"https:\\\/\\\/ledistingoinfo.com\\\/?p=773\",\"url\":\"https:\\\/\\\/ledistingoinfo.com\\\/?p=773\",\"name\":\"CARICOM en Ha\u00efti : rencontre avec Raina Forbin\",\"isPartOf\":{\"@id\":\"https:\\\/\\\/ledistingoinfo.com\\\/#website\"},\"primaryImageOfPage\":{\"@id\":\"https:\\\/\\\/ledistingoinfo.com\\\/?p=773#primaryimage\"},\"image\":{\"@id\":\"https:\\\/\\\/ledistingoinfo.com\\\/?p=773#primaryimage\"},\"thumbnailUrl\":\"https:\\\/\\\/ledistingoinfo.com\\\/wp-content\\\/uploads\\\/2026\\\/09\\\/1003032043-scaled.jpg\",\"datePublished\":\"2026-09-03T00:56:28+00:00\",\"dateModified\":\"2026-09-03T00:56:32+00:00\",\"description\":\"Le groupe des \u00c9minentes Personnalit\u00e9s de la CARICOM rencontre Raina Forbin \u00e0 Port-au-Prince, avant d'autres \u00e9changes jusqu'au 9 septembre.\",\"breadcrumb\":{\"@id\":\"https:\\\/\\\/ledistingoinfo.com\\\/?p=773#breadcrumb\"},\"inLanguage\":\"fr-FR\",\"potentialAction\":[{\"@type\":\"ReadAction\",\"target\":[\"https:\\\/\\\/ledistingoinfo.com\\\/?p=773\"]}]},{\"@type\":\"ImageObject\",\"inLanguage\":\"fr-FR\",\"@id\":\"https:\\\/\\\/ledistingoinfo.com\\\/?p=773#primaryimage\",\"url\":\"https:\\\/\\\/ledistingoinfo.com\\\/wp-content\\\/uploads\\\/2026\\\/09\\\/1003032043-scaled.jpg\",\"contentUrl\":\"https:\\\/\\\/ledistingoinfo.com\\\/wp-content\\\/uploads\\\/2026\\\/09\\\/1003032043-scaled.jpg\",\"width\":2560,\"height\":2560},{\"@type\":\"BreadcrumbList\",\"@id\":\"https:\\\/\\\/ledistingoinfo.com\\\/?p=773#breadcrumb\",\"itemListElement\":[{\"@type\":\"ListItem\",\"position\":1,\"name\":\"Home\",\"item\":\"https:\\\/\\\/ledistingoinfo.com\\\/\"},{\"@type\":\"ListItem\",\"position\":2,\"name\":\"CARICOM en Ha\u00efti : le groupe des \u00c9minentes Personnalit\u00e9s rencontre la Chancellerie\"}]},{\"@type\":\"WebSite\",\"@id\":\"https:\\\/\\\/ledistingoinfo.com\\\/#website\",\"url\":\"https:\\\/\\\/ledistingoinfo.com\\\/\",\"name\":\"Le Distingo Info\",\"description\":\"Eclairons les id\u00e9es et distinguons les v\u00e9rit\u00e9s \",\"publisher\":{\"@id\":\"https:\\\/\\\/ledistingoinfo.com\\\/#organization\"},\"potentialAction\":[{\"@type\":\"SearchAction\",\"target\":{\"@type\":\"EntryPoint\",\"urlTemplate\":\"https:\\\/\\\/ledistingoinfo.com\\\/?s={search_term_string}\"},\"query-input\":{\"@type\":\"PropertyValueSpecification\",\"valueRequired\":true,\"valueName\":\"search_term_string\"}}],\"inLanguage\":\"fr-FR\"},{\"@type\":\"Organization\",\"@id\":\"https:\\\/\\\/ledistingoinfo.com\\\/#organization\",\"name\":\"Le Distingo Info\",\"url\":\"https:\\\/\\\/ledistingoinfo.com\\\/\",\"logo\":{\"@type\":\"ImageObject\",\"inLanguage\":\"fr-FR\",\"@id\":\"https:\\\/\\\/ledistingoinfo.com\\\/#\\\/schema\\\/logo\\\/image\\\/\",\"url\":\"https:\\\/\\\/ledistingoinfo.com\\\/wp-content\\\/uploads\\\/2025\\\/10\\\/LE-DISTINGO-INFO-scaled.png\",\"contentUrl\":\"https:\\\/\\\/ledistingoinfo.com\\\/wp-content\\\/uploads\\\/2025\\\/10\\\/LE-DISTINGO-INFO-scaled.png\",\"width\":2560,\"height\":1978,\"caption\":\"Le Distingo Info\"},\"image\":{\"@id\":\"https:\\\/\\\/ledistingoinfo.com\\\/#\\\/schema\\\/logo\\\/image\\\/\"}},{\"@type\":\"Person\",\"@id\":\"https:\\\/\\\/ledistingoinfo.com\\\/#\\\/schema\\\/person\\\/40c982e487f714e93b835b9e915fbc39\",\"name\":\"Le Distingo Info\",\"image\":{\"@type\":\"ImageObject\",\"inLanguage\":\"fr-FR\",\"@id\":\"https:\\\/\\\/secure.gravatar.com\\\/avatar\\\/2f4bcfc8f5820de447c61a11d2b0a4bd969c4e7e31f843107429aa0334d11a19?s=96&d=mm&r=g\",\"url\":\"https:\\\/\\\/secure.gravatar.com\\\/avatar\\\/2f4bcfc8f5820de447c61a11d2b0a4bd969c4e7e31f843107429aa0334d11a19?s=96&d=mm&r=g\",\"contentUrl\":\"https:\\\/\\\/secure.gravatar.com\\\/avatar\\\/2f4bcfc8f5820de447c61a11d2b0a4bd969c4e7e31f843107429aa0334d11a19?s=96&d=mm&r=g\",\"caption\":\"Le Distingo Info\"},\"sameAs\":[\"https:\\\/\\\/ledistingoinfo.com\"],\"url\":\"https:\\\/\\\/ledistingoinfo.com\\\/?author=1\"}]}<\/script>\n<!-- \/ Yoast SEO plugin. -->","yoast_head_json":{"title":"CARICOM en Ha\u00efti : rencontre avec Raina Forbin","description":"Le groupe des \u00c9minentes Personnalit\u00e9s de la CARICOM rencontre Raina Forbin \u00e0 Port-au-Prince, avant d'autres \u00e9changes jusqu'au 9 septembre.","robots":{"index":"index","follow":"follow","max-snippet":"max-snippet:-1","max-image-preview":"max-image-preview:large","max-video-preview":"max-video-preview:-1"},"canonical":"https:\/\/ledistingoinfo.com\/?p=773","og_locale":"fr_FR","og_type":"article","og_title":"CARICOM en Ha\u00efti : rencontre avec Raina Forbin","og_description":"Le groupe des \u00c9minentes Personnalit\u00e9s de la CARICOM rencontre Raina Forbin \u00e0 Port-au-Prince, avant d'autres \u00e9changes jusqu'au 9 septembre.","og_url":"https:\/\/ledistingoinfo.com\/?p=773","og_site_name":"Le Distingo Info","article_published_time":"2026-09-03T00:56:28+00:00","article_modified_time":"2026-09-03T00:56:32+00:00","og_image":[{"width":2560,"height":2560,"url":"https:\/\/ledistingoinfo.com\/wp-content\/uploads\/2026\/09\/1003032043-scaled.jpg","type":"image\/jpeg"}],"author":"Le Distingo Info","twitter_card":"summary_large_image","twitter_misc":{"\u00c9crit par":"Le Distingo Info","Dur\u00e9e de lecture estim\u00e9e":"4 minutes"},"schema":{"@context":"https:\/\/schema.org","@graph":[{"@type":"Article","@id":"https:\/\/ledistingoinfo.com\/?p=773#article","isPartOf":{"@id":"https:\/\/ledistingoinfo.com\/?p=773"},"author":{"name":"Le Distingo Info","@id":"https:\/\/ledistingoinfo.com\/#\/schema\/person\/40c982e487f714e93b835b9e915fbc39"},"headline":"CARICOM en Ha\u00efti : le groupe des \u00c9minentes Personnalit\u00e9s rencontre la Chancellerie","datePublished":"2026-09-03T00:56:28+00:00","dateModified":"2026-09-03T00:56:32+00:00","mainEntityOfPage":{"@id":"https:\/\/ledistingoinfo.com\/?p=773"},"wordCount":402,"commentCount":0,"publisher":{"@id":"https:\/\/ledistingoinfo.com\/#organization"},"image":{"@id":"https:\/\/ledistingoinfo.com\/?p=773#primaryimage"},"thumbnailUrl":"https:\/\/ledistingoinfo.com\/wp-content\/uploads\/2026\/09\/1003032043-scaled.jpg","keywords":["Alix Didier Fils-Aim\u00e9","CARICOM","Diplomatie","\u00c9lections Ha\u00efti","EPG","Raina Forbin"],"articleSection":["Actualit\u00e9s","Politique"],"inLanguage":"fr-FR","potentialAction":[{"@type":"CommentAction","name":"Comment","target":["https:\/\/ledistingoinfo.com\/?p=773#respond"]}]},{"@type":"WebPage","@id":"https:\/\/ledistingoinfo.com\/?p=773","url":"https:\/\/ledistingoinfo.com\/?p=773","name":"CARICOM en Ha\u00efti : rencontre avec Raina Forbin","isPartOf":{"@id":"https:\/\/ledistingoinfo.com\/#website"},"primaryImageOfPage":{"@id":"https:\/\/ledistingoinfo.com\/?p=773#primaryimage"},"image":{"@id":"https:\/\/ledistingoinfo.com\/?p=773#primaryimage"},"thumbnailUrl":"https:\/\/ledistingoinfo.com\/wp-content\/uploads\/2026\/09\/1003032043-scaled.jpg","datePublished":"2026-09-03T00:56:28+00:00","dateModified":"2026-09-03T00:56:32+00:00","description":"Le groupe des \u00c9minentes Personnalit\u00e9s de la CARICOM rencontre Raina Forbin \u00e0 Port-au-Prince, avant d'autres \u00e9changes jusqu'au 9 septembre.","breadcrumb":{"@id":"https:\/\/ledistingoinfo.com\/?p=773#breadcrumb"},"inLanguage":"fr-FR","potentialAction":[{"@type":"ReadAction","target":["https:\/\/ledistingoinfo.com\/?p=773"]}]},{"@type":"ImageObject","inLanguage":"fr-FR","@id":"https:\/\/ledistingoinfo.com\/?p=773#primaryimage","url":"https:\/\/ledistingoinfo.com\/wp-content\/uploads\/2026\/09\/1003032043-scaled.jpg","contentUrl":"https:\/\/ledistingoinfo.com\/wp-content\/uploads\/2026\/09\/1003032043-scaled.jpg","width":2560,"height":2560},{"@type":"BreadcrumbList","@id":"https:\/\/ledistingoinfo.com\/?p=773#breadcrumb","itemListElement":[{"@type":"ListItem","position":1,"name":"Home","item":"https:\/\/ledistingoinfo.com\/"},{"@type":"ListItem","position":2,"name":"CARICOM en Ha\u00efti : le groupe des \u00c9minentes Personnalit\u00e9s rencontre la Chancellerie"}]},{"@type":"WebSite","@id":"https:\/\/ledistingoinfo.com\/#website","url":"https:\/\/ledistingoinfo.com\/","name":"Le Distingo Info","description":"Eclairons les id\u00e9es et distinguons les v\u00e9rit\u00e9s ","publisher":{"@id":"https:\/\/ledistingoinfo.com\/#organization"},"potentialAction":[{"@type":"SearchAction","target":{"@type":"EntryPoint","urlTemplate":"https:\/\/ledistingoinfo.com\/?s={search_term_string}"},"query-input":{"@type":"PropertyValueSpecification","valueRequired":true,"valueName":"search_term_string"}}],"inLanguage":"fr-FR"},{"@type":"Organization","@id":"https:\/\/ledistingoinfo.com\/#organization","name":"Le Distingo Info","url":"https:\/\/ledistingoinfo.com\/","logo":{"@type":"ImageObject","inLanguage":"fr-FR","@id":"https:\/\/ledistingoinfo.com\/#\/schema\/logo\/image\/","url":"https:\/\/ledistingoinfo.com\/wp-content\/uploads\/2025\/10\/LE-DISTINGO-INFO-scaled.png","contentUrl":"https:\/\/ledistingoinfo.com\/wp-content\/uploads\/2025\/10\/LE-DISTINGO-INFO-scaled.png","width":2560,"height":1978,"caption":"Le Distingo Info"},"image":{"@id":"https:\/\/ledistingoinfo.com\/#\/schema\/logo\/image\/"}},{"@type":"Person","@id":"https:\/\/ledistingoinfo.com\/#\/schema\/person\/40c982e487f714e93b835b9e915fbc39","name":"Le Distingo Info","image":{"@type":"ImageObject","inLanguage":"fr-FR","@id":"https:\/\/secure.gravatar.com\/avatar\/2f4bcfc8f5820de447c61a11d2b0a4bd969c4e7e31f843107429aa0334d11a19?s=96&d=mm&r=g","url":"https:\/\/secure.gravatar.com\/avatar\/2f4bcfc8f5820de447c61a11d2b0a4bd969c4e7e31f843107429aa0334d11a19?s=96&d=mm&r=g","contentUrl":"https:\/\/secure.gravatar.com\/avatar\/2f4bcfc8f5820de447c61a11d2b0a4bd969c4e7e31f843107429aa0334d11a19?s=96&d=mm&r=g","caption":"Le Distingo Info"},"sameAs":["https:\/\/ledistingoinfo.com"],"url":"https:\/\/ledistingoinfo.com\/?author=1"}]}},"jetpack_featured_media_url":"https:\/\/ledistingoinfo.com\/wp-content\/uploads\/2026\/09\/1003032043-scaled.jpg","jetpack_sharing_enabled":true,"_links":{"self":[{"href":"https:\/\/ledistingoinfo.com\/index.php?rest_route=\/wp\/v2\/posts\/773","targetHints":{"allow":["GET"]}}],"collection":[{"href":"https:\/\/ledistingoinfo.com\/index.php?rest_route=\/wp\/v2\/posts"}],"about":[{"href":"https:\/\/ledistingoinfo.com\/index.php?rest_route=\/wp\/v2\/types\/post"}],"author":[{"embeddable":true,"href":"https:\/\/ledistingoinfo.com\/index.php?rest_route=\/wp\/v2\/users\/1"}],"replies":[{"embeddable":true,"href":"https:\/\/ledistingoinfo.com\/index.php?rest_route=%2Fwp%2Fv2%2Fcomments&post=773"}],"version-history":[{"count":1,"href":"https:\/\/ledistingoinfo.com\/index.php?rest_route=\/wp\/v2\/posts\/773\/revisions"}],"predecessor-version":[{"id":782,"href":"https:\/\/ledistingoinfo.com\/index.php?rest_route=\/wp\/v2\/posts\/773\/revisions\/782"}],"wp:featuredmedia":[{"embeddable":true,"href":"https:\/\/ledistingoinfo.com\/index.php?rest_route=\/wp\/v2\/media\/774"}],"wp:attachment":[{"href":"https:\/\/ledistingoinfo.com\/index.php?rest_route=%2Fwp%2Fv2%2Fmedia&parent=773"}],"wp:term":[{"taxonomy":"category","embeddable":true,"href":"https:\/\/ledistingoinfo.com\/index.php?rest_route=%2Fwp%2Fv2%2Fcategories&post=773"},{"taxonomy":"post_tag","embeddable":true,"href":"https:\/\/ledistingoinfo.com\/index.php?rest_route=%2Fwp%2Fv2%2Ftags&post=773"}],"curies":[{"name":"wp","href":"https:\/\/api.w.org\/{rel}","templated":true}]}}