{"id":705,"date":"2026-09-01T08:14:45","date_gmt":"2026-09-01T12:14:45","guid":{"rendered":"https:\/\/ledistingoinfo.com\/?p=705"},"modified":"2026-09-01T08:14:49","modified_gmt":"2026-09-01T12:14:49","slug":"subvention-scolaire-2026-2027-fne-depot-dossiers","status":"publish","type":"post","link":"https:\/\/ledistingoinfo.com\/?p=705","title":{"rendered":"Subvention scolaire 2026-2027 : le FNE ouvre le d\u00e9p\u00f4t des dossiers"},"content":{"rendered":"\n<p><strong>Le Fonds National de l&rsquo;\u00c9ducation (FNE) lance le d\u00e9p\u00f4t des dossiers pour le programme de Subvention Scolaire 2026-2027. Les personnes concern\u00e9es disposent de quatre jours, du 1er au 4 septembre 2026, pour constituer leur dossier. Pour le d\u00e9partement de l&rsquo;Ouest, le d\u00e9p\u00f4t se fait \u00e0 P\u00e9tion-Ville.<\/strong><\/p>\n\n\n\n<figure class=\"wp-block-image size-large\"><a href=\"https:\/\/share.google\/6aXhwLSfpVe9nbKot\"><img  title=\"\"   alt=\"1003016980-1024x536 Subvention scolaire 2026-2027 : le FNE ouvre le d\u00e9p\u00f4t des dossiers\"  class=\"wp-image-706\"\/ width=\"1024\" height=\"536\" loading=\"eager\" fetchpriority=\"high\" decoding=\"async\" src=\"https:\/\/ledistingoinfo.com\/wp-content\/uploads\/2026\/09\/1003016980-1024x536.jpg\" srcset=\"https:\/\/ledistingoinfo.com\/wp-content\/uploads\/2026\/09\/1003016980-1024x536.jpg 1024w, https:\/\/ledistingoinfo.com\/wp-content\/uploads\/2026\/09\/1003016980-300x157.jpg 300w, https:\/\/ledistingoinfo.com\/wp-content\/uploads\/2026\/09\/1003016980-768x402.jpg 768w, https:\/\/ledistingoinfo.com\/wp-content\/uploads\/2026\/09\/1003016980.jpg 1200w\" sizes=\"(max-width: 1024px) 100vw, 1024px\" \/><\/a><figcaption class=\"wp-element-caption\">FONDS NATIONAL POUR L&rsquo;\u00c9DUCATION<\/figcaption><\/figure>\n\n\n\n<p>La Direction G\u00e9n\u00e9rale du Fonds National de l&rsquo;\u00c9ducation informe l&rsquo;ensemble des personnes concern\u00e9es par le programme de Subvention Scolaire 2026-2027. Elle les invite \u00e0 d\u00e9poser leurs dossiers du 1er au 4 septembre 2026. Ainsi, les dossiers devront respecter les exigences administratives et les proc\u00e9dures \u00e9tablies.<\/p>\n\n\n\n<p>Pour le d\u00e9partement de l&rsquo;Ouest, le FNE pr\u00e9cise l&rsquo;adresse de d\u00e9p\u00f4t. Les documents doivent \u00eatre d\u00e9pos\u00e9s \u00e0 la rue la P\u00e9pini\u00e8re, \u00e0 l&rsquo;angle de la route de Fr\u00e8res et de la rue Fr\u00e8res 28, \u00e0 P\u00e9tion-Ville. Le point de d\u00e9p\u00f4t se trouve \u00e0 l&rsquo;entr\u00e9e de la P\u00e9pini\u00e8re H\u00f4tel.<\/p>\n\n\n\n<h2 class=\"wp-block-heading\">Les pi\u00e8ces \u00e0 fournir<\/h2>\n\n\n\n<p>Le FNE exige plusieurs documents pour constituer un dossier complet. D&rsquo;abord, une lettre de demande adress\u00e9e \u00e0 la Directrice G\u00e9n\u00e9rale, Jefnie Toussaint dont l&rsquo;avis porte sa signature, doit inclure deux num\u00e9ros de t\u00e9l\u00e9phone joignables. Ensuite, le dossier doit contenir une pi\u00e8ce d&rsquo;identit\u00e9 valide de la personne responsable.<\/p>\n\n\n\n<p>Par ailleurs, le d\u00e9posant doit fournir le dernier carnet scolaire de l&rsquo;enfant, ainsi que le bordereau de l&rsquo;\u00e9colage. Le nom et le num\u00e9ro de t\u00e9l\u00e9phone de la personne responsable de l&rsquo;\u00e9cole compl\u00e8tent le dossier. Enfin, l&rsquo;acte de naissance ou l&rsquo;extrait d&rsquo;archive de l&rsquo;enfant reste indispensable.Des v\u00e9rifications possibles avant traitement<\/p>\n\n\n\n<p>Le FNE se r\u00e9serve le droit de v\u00e9rifier les informations aupr\u00e8s des \u00e9tablissements scolaires concern\u00e9s. Cette v\u00e9rification intervient avant le traitement d\u00e9finitif de chaque demande.<\/p>\n\n\n\n<p>De plus, l&rsquo;institution pr\u00e9vient les d\u00e9posants : tout dossier incomplet, irr\u00e9gulier ou contenant des informations contradictoires pourra leur \u00eatre retourn\u00e9. Dans ce cas, le d\u00e9posant devra apporter les corrections ou compl\u00e9ments n\u00e9cessaires.<\/p>\n","protected":false},"excerpt":{"rendered":"<p>Le Fonds National de l&rsquo;\u00c9ducation (FNE) lance le d\u00e9p\u00f4t des dossiers pour le programme de Subvention Scolaire 2026-2027. Les personnes concern\u00e9es disposent de quatre jours, du 1er au 4 septembre 2026, pour constituer leur dossier. Pour le d\u00e9partement de l&rsquo;Ouest, le d\u00e9p\u00f4t se fait \u00e0 P\u00e9tion-Ville. La Direction G\u00e9n\u00e9rale du Fonds National de l&rsquo;\u00c9ducation informe [&hellip;]<\/p>\n","protected":false},"author":1,"featured_media":706,"comment_status":"open","ping_status":"open","sticky":false,"template":"","format":"standard","meta":{"_jetpack_memberships_contains_paid_content":false,"footnotes":"","beyondwords_generate_audio":"","beyondwords_project_id":"","beyondwords_content_id":"","beyondwords_preview_token":"","beyondwords_player_content":"","beyondwords_player_style":"","beyondwords_language_code":"","beyondwords_language_id":"","beyondwords_title_voice_id":"","beyondwords_body_voice_id":"","beyondwords_summary_voice_id":"","beyondwords_error_message":"","beyondwords_disabled":"","beyondwords_delete_content":"","beyondwords_podcast_id":"","beyondwords_hash":"","publish_post_to_speechkit":"","speechkit_hash":"","speechkit_generate_audio":"","speechkit_project_id":"","speechkit_podcast_id":"","speechkit_error_message":"","speechkit_disabled":"","speechkit_access_key":"","speechkit_error":"","speechkit_info":"","speechkit_response":"","speechkit_retries":"","speechkit_status":"","speechkit_updated_at":"","_speechkit_link":"","_speechkit_text":""},"categories":[1,7],"tags":[105,103,104,106,89,102],"class_list":["post-705","post","type-post","status-publish","format-standard","has-post-thumbnail","hentry","category-actualites","category-education","tag-education-haiti","tag-fne","tag-fonds-national-de-leducation","tag-jefnie-toussaint","tag-petion-ville","tag-subvention-scolaire"],"yoast_head":"<!-- This site is optimized with the Yoast SEO plugin v28.2 - https:\/\/yoast.com\/product\/yoast-seo-wordpress\/ -->\n<title>Subvention scolaire 2026-2027 : le FNE ouvre le d\u00e9p\u00f4t des dossiers - Le Distingo Info<\/title>\n<meta name=\"robots\" content=\"index, follow, max-snippet:-1, max-image-preview:large, max-video-preview:-1\" \/>\n<link rel=\"canonical\" href=\"https:\/\/ledistingoinfo.com\/?p=705\" \/>\n<meta property=\"og:locale\" content=\"fr_FR\" \/>\n<meta property=\"og:type\" content=\"article\" \/>\n<meta property=\"og:title\" content=\"Subvention scolaire 2026-2027 : le FNE ouvre le d\u00e9p\u00f4t des dossiers - Le Distingo Info\" \/>\n<meta property=\"og:description\" content=\"Le Fonds National de l&rsquo;\u00c9ducation (FNE) lance le d\u00e9p\u00f4t des dossiers pour le programme de Subvention Scolaire 2026-2027. Les personnes concern\u00e9es disposent de quatre jours, du 1er au 4 septembre 2026, pour constituer leur dossier. Pour le d\u00e9partement de l&rsquo;Ouest, le d\u00e9p\u00f4t se fait \u00e0 P\u00e9tion-Ville. La Direction G\u00e9n\u00e9rale du Fonds National de l&rsquo;\u00c9ducation informe [&hellip;]\" \/>\n<meta property=\"og:url\" content=\"https:\/\/ledistingoinfo.com\/?p=705\" \/>\n<meta property=\"og:site_name\" content=\"Le Distingo Info\" \/>\n<meta property=\"article:published_time\" content=\"2026-09-01T12:14:45+00:00\" \/>\n<meta property=\"article:modified_time\" content=\"2026-09-01T12:14:49+00:00\" \/>\n<meta property=\"og:image\" content=\"https:\/\/ledistingoinfo.com\/wp-content\/uploads\/2026\/09\/1003016980.jpg\" \/>\n\t<meta property=\"og:image:width\" content=\"1200\" \/>\n\t<meta property=\"og:image:height\" content=\"628\" \/>\n\t<meta property=\"og:image:type\" content=\"image\/jpeg\" \/>\n<meta name=\"author\" content=\"Le Distingo Info\" \/>\n<meta name=\"twitter:card\" content=\"summary_large_image\" \/>\n<meta name=\"twitter:label1\" content=\"\u00c9crit par\" \/>\n\t<meta name=\"twitter:data1\" content=\"Le Distingo Info\" \/>\n\t<meta name=\"twitter:label2\" content=\"Dur\u00e9e de lecture estim\u00e9e\" \/>\n\t<meta name=\"twitter:data2\" content=\"2 minutes\" \/>\n<script type=\"application\/ld+json\" class=\"yoast-schema-graph\">{\"@context\":\"https:\\\/\\\/schema.org\",\"@graph\":[{\"@type\":\"Article\",\"@id\":\"https:\\\/\\\/ledistingoinfo.com\\\/?p=705#article\",\"isPartOf\":{\"@id\":\"https:\\\/\\\/ledistingoinfo.com\\\/?p=705\"},\"author\":{\"name\":\"Le Distingo Info\",\"@id\":\"https:\\\/\\\/ledistingoinfo.com\\\/#\\\/schema\\\/person\\\/40c982e487f714e93b835b9e915fbc39\"},\"headline\":\"Subvention scolaire 2026-2027 : le FNE ouvre le d\u00e9p\u00f4t des dossiers\",\"datePublished\":\"2026-09-01T12:14:45+00:00\",\"dateModified\":\"2026-09-01T12:14:49+00:00\",\"mainEntityOfPage\":{\"@id\":\"https:\\\/\\\/ledistingoinfo.com\\\/?p=705\"},\"wordCount\":374,\"commentCount\":0,\"publisher\":{\"@id\":\"https:\\\/\\\/ledistingoinfo.com\\\/#organization\"},\"image\":{\"@id\":\"https:\\\/\\\/ledistingoinfo.com\\\/?p=705#primaryimage\"},\"thumbnailUrl\":\"https:\\\/\\\/ledistingoinfo.com\\\/wp-content\\\/uploads\\\/2026\\\/09\\\/1003016980.jpg\",\"keywords\":[\"\u00c9ducation Ha\u00efti\",\"FNE\",\"Fonds National de l'\u00c9ducation\",\"Jefnie Toussaint\",\"P\u00e9tion-Ville\",\"Subvention scolaire\"],\"articleSection\":[\"Actualit\u00e9s\",\"\u00c9ducation\"],\"inLanguage\":\"fr-FR\",\"potentialAction\":[{\"@type\":\"CommentAction\",\"name\":\"Comment\",\"target\":[\"https:\\\/\\\/ledistingoinfo.com\\\/?p=705#respond\"]}]},{\"@type\":\"WebPage\",\"@id\":\"https:\\\/\\\/ledistingoinfo.com\\\/?p=705\",\"url\":\"https:\\\/\\\/ledistingoinfo.com\\\/?p=705\",\"name\":\"Subvention scolaire 2026-2027 : le FNE ouvre le d\u00e9p\u00f4t des dossiers - Le Distingo Info\",\"isPartOf\":{\"@id\":\"https:\\\/\\\/ledistingoinfo.com\\\/#website\"},\"primaryImageOfPage\":{\"@id\":\"https:\\\/\\\/ledistingoinfo.com\\\/?p=705#primaryimage\"},\"image\":{\"@id\":\"https:\\\/\\\/ledistingoinfo.com\\\/?p=705#primaryimage\"},\"thumbnailUrl\":\"https:\\\/\\\/ledistingoinfo.com\\\/wp-content\\\/uploads\\\/2026\\\/09\\\/1003016980.jpg\",\"datePublished\":\"2026-09-01T12:14:45+00:00\",\"dateModified\":\"2026-09-01T12:14:49+00:00\",\"breadcrumb\":{\"@id\":\"https:\\\/\\\/ledistingoinfo.com\\\/?p=705#breadcrumb\"},\"inLanguage\":\"fr-FR\",\"potentialAction\":[{\"@type\":\"ReadAction\",\"target\":[\"https:\\\/\\\/ledistingoinfo.com\\\/?p=705\"]}]},{\"@type\":\"ImageObject\",\"inLanguage\":\"fr-FR\",\"@id\":\"https:\\\/\\\/ledistingoinfo.com\\\/?p=705#primaryimage\",\"url\":\"https:\\\/\\\/ledistingoinfo.com\\\/wp-content\\\/uploads\\\/2026\\\/09\\\/1003016980.jpg\",\"contentUrl\":\"https:\\\/\\\/ledistingoinfo.com\\\/wp-content\\\/uploads\\\/2026\\\/09\\\/1003016980.jpg\",\"width\":1200,\"height\":628},{\"@type\":\"BreadcrumbList\",\"@id\":\"https:\\\/\\\/ledistingoinfo.com\\\/?p=705#breadcrumb\",\"itemListElement\":[{\"@type\":\"ListItem\",\"position\":1,\"name\":\"Home\",\"item\":\"https:\\\/\\\/ledistingoinfo.com\\\/\"},{\"@type\":\"ListItem\",\"position\":2,\"name\":\"Subvention scolaire 2026-2027 : le FNE ouvre le d\u00e9p\u00f4t des dossiers\"}]},{\"@type\":\"WebSite\",\"@id\":\"https:\\\/\\\/ledistingoinfo.com\\\/#website\",\"url\":\"https:\\\/\\\/ledistingoinfo.com\\\/\",\"name\":\"Le Distingo Info\",\"description\":\"Eclairons les id\u00e9es et distinguons les v\u00e9rit\u00e9s \",\"publisher\":{\"@id\":\"https:\\\/\\\/ledistingoinfo.com\\\/#organization\"},\"potentialAction\":[{\"@type\":\"SearchAction\",\"target\":{\"@type\":\"EntryPoint\",\"urlTemplate\":\"https:\\\/\\\/ledistingoinfo.com\\\/?s={search_term_string}\"},\"query-input\":{\"@type\":\"PropertyValueSpecification\",\"valueRequired\":true,\"valueName\":\"search_term_string\"}}],\"inLanguage\":\"fr-FR\"},{\"@type\":\"Organization\",\"@id\":\"https:\\\/\\\/ledistingoinfo.com\\\/#organization\",\"name\":\"Le Distingo Info\",\"url\":\"https:\\\/\\\/ledistingoinfo.com\\\/\",\"logo\":{\"@type\":\"ImageObject\",\"inLanguage\":\"fr-FR\",\"@id\":\"https:\\\/\\\/ledistingoinfo.com\\\/#\\\/schema\\\/logo\\\/image\\\/\",\"url\":\"https:\\\/\\\/ledistingoinfo.com\\\/wp-content\\\/uploads\\\/2025\\\/10\\\/LE-DISTINGO-INFO-scaled.png\",\"contentUrl\":\"https:\\\/\\\/ledistingoinfo.com\\\/wp-content\\\/uploads\\\/2025\\\/10\\\/LE-DISTINGO-INFO-scaled.png\",\"width\":2560,\"height\":1978,\"caption\":\"Le Distingo Info\"},\"image\":{\"@id\":\"https:\\\/\\\/ledistingoinfo.com\\\/#\\\/schema\\\/logo\\\/image\\\/\"}},{\"@type\":\"Person\",\"@id\":\"https:\\\/\\\/ledistingoinfo.com\\\/#\\\/schema\\\/person\\\/40c982e487f714e93b835b9e915fbc39\",\"name\":\"Le Distingo Info\",\"image\":{\"@type\":\"ImageObject\",\"inLanguage\":\"fr-FR\",\"@id\":\"https:\\\/\\\/secure.gravatar.com\\\/avatar\\\/2f4bcfc8f5820de447c61a11d2b0a4bd969c4e7e31f843107429aa0334d11a19?s=96&d=mm&r=g\",\"url\":\"https:\\\/\\\/secure.gravatar.com\\\/avatar\\\/2f4bcfc8f5820de447c61a11d2b0a4bd969c4e7e31f843107429aa0334d11a19?s=96&d=mm&r=g\",\"contentUrl\":\"https:\\\/\\\/secure.gravatar.com\\\/avatar\\\/2f4bcfc8f5820de447c61a11d2b0a4bd969c4e7e31f843107429aa0334d11a19?s=96&d=mm&r=g\",\"caption\":\"Le Distingo Info\"},\"sameAs\":[\"https:\\\/\\\/ledistingoinfo.com\"],\"url\":\"https:\\\/\\\/ledistingoinfo.com\\\/?author=1\"}]}<\/script>\n<!-- \/ Yoast SEO plugin. -->","yoast_head_json":{"title":"Subvention scolaire 2026-2027 : le FNE ouvre le d\u00e9p\u00f4t des dossiers - Le Distingo Info","robots":{"index":"index","follow":"follow","max-snippet":"max-snippet:-1","max-image-preview":"max-image-preview:large","max-video-preview":"max-video-preview:-1"},"canonical":"https:\/\/ledistingoinfo.com\/?p=705","og_locale":"fr_FR","og_type":"article","og_title":"Subvention scolaire 2026-2027 : le FNE ouvre le d\u00e9p\u00f4t des dossiers - Le Distingo Info","og_description":"Le Fonds National de l&rsquo;\u00c9ducation (FNE) lance le d\u00e9p\u00f4t des dossiers pour le programme de Subvention Scolaire 2026-2027. Les personnes concern\u00e9es disposent de quatre jours, du 1er au 4 septembre 2026, pour constituer leur dossier. Pour le d\u00e9partement de l&rsquo;Ouest, le d\u00e9p\u00f4t se fait \u00e0 P\u00e9tion-Ville. La Direction G\u00e9n\u00e9rale du Fonds National de l&rsquo;\u00c9ducation informe [&hellip;]","og_url":"https:\/\/ledistingoinfo.com\/?p=705","og_site_name":"Le Distingo Info","article_published_time":"2026-09-01T12:14:45+00:00","article_modified_time":"2026-09-01T12:14:49+00:00","og_image":[{"width":1200,"height":628,"url":"https:\/\/ledistingoinfo.com\/wp-content\/uploads\/2026\/09\/1003016980.jpg","type":"image\/jpeg"}],"author":"Le Distingo Info","twitter_card":"summary_large_image","twitter_misc":{"\u00c9crit par":"Le Distingo Info","Dur\u00e9e de lecture estim\u00e9e":"2 minutes"},"schema":{"@context":"https:\/\/schema.org","@graph":[{"@type":"Article","@id":"https:\/\/ledistingoinfo.com\/?p=705#article","isPartOf":{"@id":"https:\/\/ledistingoinfo.com\/?p=705"},"author":{"name":"Le Distingo Info","@id":"https:\/\/ledistingoinfo.com\/#\/schema\/person\/40c982e487f714e93b835b9e915fbc39"},"headline":"Subvention scolaire 2026-2027 : le FNE ouvre le d\u00e9p\u00f4t des dossiers","datePublished":"2026-09-01T12:14:45+00:00","dateModified":"2026-09-01T12:14:49+00:00","mainEntityOfPage":{"@id":"https:\/\/ledistingoinfo.com\/?p=705"},"wordCount":374,"commentCount":0,"publisher":{"@id":"https:\/\/ledistingoinfo.com\/#organization"},"image":{"@id":"https:\/\/ledistingoinfo.com\/?p=705#primaryimage"},"thumbnailUrl":"https:\/\/ledistingoinfo.com\/wp-content\/uploads\/2026\/09\/1003016980.jpg","keywords":["\u00c9ducation Ha\u00efti","FNE","Fonds National de l'\u00c9ducation","Jefnie Toussaint","P\u00e9tion-Ville","Subvention scolaire"],"articleSection":["Actualit\u00e9s","\u00c9ducation"],"inLanguage":"fr-FR","potentialAction":[{"@type":"CommentAction","name":"Comment","target":["https:\/\/ledistingoinfo.com\/?p=705#respond"]}]},{"@type":"WebPage","@id":"https:\/\/ledistingoinfo.com\/?p=705","url":"https:\/\/ledistingoinfo.com\/?p=705","name":"Subvention scolaire 2026-2027 : le FNE ouvre le d\u00e9p\u00f4t des dossiers - Le Distingo Info","isPartOf":{"@id":"https:\/\/ledistingoinfo.com\/#website"},"primaryImageOfPage":{"@id":"https:\/\/ledistingoinfo.com\/?p=705#primaryimage"},"image":{"@id":"https:\/\/ledistingoinfo.com\/?p=705#primaryimage"},"thumbnailUrl":"https:\/\/ledistingoinfo.com\/wp-content\/uploads\/2026\/09\/1003016980.jpg","datePublished":"2026-09-01T12:14:45+00:00","dateModified":"2026-09-01T12:14:49+00:00","breadcrumb":{"@id":"https:\/\/ledistingoinfo.com\/?p=705#breadcrumb"},"inLanguage":"fr-FR","potentialAction":[{"@type":"ReadAction","target":["https:\/\/ledistingoinfo.com\/?p=705"]}]},{"@type":"ImageObject","inLanguage":"fr-FR","@id":"https:\/\/ledistingoinfo.com\/?p=705#primaryimage","url":"https:\/\/ledistingoinfo.com\/wp-content\/uploads\/2026\/09\/1003016980.jpg","contentUrl":"https:\/\/ledistingoinfo.com\/wp-content\/uploads\/2026\/09\/1003016980.jpg","width":1200,"height":628},{"@type":"BreadcrumbList","@id":"https:\/\/ledistingoinfo.com\/?p=705#breadcrumb","itemListElement":[{"@type":"ListItem","position":1,"name":"Home","item":"https:\/\/ledistingoinfo.com\/"},{"@type":"ListItem","position":2,"name":"Subvention scolaire 2026-2027 : le FNE ouvre le d\u00e9p\u00f4t des dossiers"}]},{"@type":"WebSite","@id":"https:\/\/ledistingoinfo.com\/#website","url":"https:\/\/ledistingoinfo.com\/","name":"Le Distingo Info","description":"Eclairons les id\u00e9es et distinguons les v\u00e9rit\u00e9s ","publisher":{"@id":"https:\/\/ledistingoinfo.com\/#organization"},"potentialAction":[{"@type":"SearchAction","target":{"@type":"EntryPoint","urlTemplate":"https:\/\/ledistingoinfo.com\/?s={search_term_string}"},"query-input":{"@type":"PropertyValueSpecification","valueRequired":true,"valueName":"search_term_string"}}],"inLanguage":"fr-FR"},{"@type":"Organization","@id":"https:\/\/ledistingoinfo.com\/#organization","name":"Le Distingo Info","url":"https:\/\/ledistingoinfo.com\/","logo":{"@type":"ImageObject","inLanguage":"fr-FR","@id":"https:\/\/ledistingoinfo.com\/#\/schema\/logo\/image\/","url":"https:\/\/ledistingoinfo.com\/wp-content\/uploads\/2025\/10\/LE-DISTINGO-INFO-scaled.png","contentUrl":"https:\/\/ledistingoinfo.com\/wp-content\/uploads\/2025\/10\/LE-DISTINGO-INFO-scaled.png","width":2560,"height":1978,"caption":"Le Distingo Info"},"image":{"@id":"https:\/\/ledistingoinfo.com\/#\/schema\/logo\/image\/"}},{"@type":"Person","@id":"https:\/\/ledistingoinfo.com\/#\/schema\/person\/40c982e487f714e93b835b9e915fbc39","name":"Le Distingo Info","image":{"@type":"ImageObject","inLanguage":"fr-FR","@id":"https:\/\/secure.gravatar.com\/avatar\/2f4bcfc8f5820de447c61a11d2b0a4bd969c4e7e31f843107429aa0334d11a19?s=96&d=mm&r=g","url":"https:\/\/secure.gravatar.com\/avatar\/2f4bcfc8f5820de447c61a11d2b0a4bd969c4e7e31f843107429aa0334d11a19?s=96&d=mm&r=g","contentUrl":"https:\/\/secure.gravatar.com\/avatar\/2f4bcfc8f5820de447c61a11d2b0a4bd969c4e7e31f843107429aa0334d11a19?s=96&d=mm&r=g","caption":"Le Distingo Info"},"sameAs":["https:\/\/ledistingoinfo.com"],"url":"https:\/\/ledistingoinfo.com\/?author=1"}]}},"jetpack_featured_media_url":"https:\/\/ledistingoinfo.com\/wp-content\/uploads\/2026\/09\/1003016980.jpg","jetpack_sharing_enabled":true,"_links":{"self":[{"href":"https:\/\/ledistingoinfo.com\/index.php?rest_route=\/wp\/v2\/posts\/705","targetHints":{"allow":["GET"]}}],"collection":[{"href":"https:\/\/ledistingoinfo.com\/index.php?rest_route=\/wp\/v2\/posts"}],"about":[{"href":"https:\/\/ledistingoinfo.com\/index.php?rest_route=\/wp\/v2\/types\/post"}],"author":[{"embeddable":true,"href":"https:\/\/ledistingoinfo.com\/index.php?rest_route=\/wp\/v2\/users\/1"}],"replies":[{"embeddable":true,"href":"https:\/\/ledistingoinfo.com\/index.php?rest_route=%2Fwp%2Fv2%2Fcomments&post=705"}],"version-history":[{"count":1,"href":"https:\/\/ledistingoinfo.com\/index.php?rest_route=\/wp\/v2\/posts\/705\/revisions"}],"predecessor-version":[{"id":707,"href":"https:\/\/ledistingoinfo.com\/index.php?rest_route=\/wp\/v2\/posts\/705\/revisions\/707"}],"wp:featuredmedia":[{"embeddable":true,"href":"https:\/\/ledistingoinfo.com\/index.php?rest_route=\/wp\/v2\/media\/706"}],"wp:attachment":[{"href":"https:\/\/ledistingoinfo.com\/index.php?rest_route=%2Fwp%2Fv2%2Fmedia&parent=705"}],"wp:term":[{"taxonomy":"category","embeddable":true,"href":"https:\/\/ledistingoinfo.com\/index.php?rest_route=%2Fwp%2Fv2%2Fcategories&post=705"},{"taxonomy":"post_tag","embeddable":true,"href":"https:\/\/ledistingoinfo.com\/index.php?rest_route=%2Fwp%2Fv2%2Ftags&post=705"}],"curies":[{"name":"wp","href":"https:\/\/api.w.org\/{rel}","templated":true}]}}