{"id":699,"date":"2026-09-01T07:54:43","date_gmt":"2026-09-01T11:54:43","guid":{"rendered":"https:\/\/ledistingoinfo.com\/?p=699"},"modified":"2026-09-01T07:54:47","modified_gmt":"2026-09-01T11:54:47","slug":"mgr-jean-pierre-sander-louis-jean-nomme-eveque-de-fort-liberte","status":"publish","type":"post","link":"https:\/\/ledistingoinfo.com\/?p=699","title":{"rendered":"Mgr Jean-Pierre Sander Louis-Jean nomm\u00e9 \u00e9v\u00eaque de Fort-Libert\u00e9"},"content":{"rendered":"\n<p><strong>Le pape L\u00e9on XIV nomme Mgr Jean-Pierre Sander Louis-Jean \u00e9v\u00eaque du dioc\u00e8se de Fort-Libert\u00e9. L&rsquo;ancien \u00e9v\u00eaque auxiliaire de Port-au-Prince prend ainsi la t\u00eate d&rsquo;un dioc\u00e8se du Nord-Est. Son exp\u00e9rience en formation spirituelle et en protection des mineurs constitue un atout majeur pour cette nouvelle mission.<\/strong><\/p>\n\n\n\n<figure class=\"wp-block-image size-full\"><img  title=\"\"   alt=\"1003016796 Mgr Jean-Pierre Sander Louis-Jean nomm\u00e9 \u00e9v\u00eaque de Fort-Libert\u00e9\"  class=\"wp-image-702\"\/ width=\"792\" height=\"810\" loading=\"eager\" fetchpriority=\"high\" decoding=\"async\" src=\"https:\/\/ledistingoinfo.com\/wp-content\/uploads\/2026\/09\/1003016796.jpg\" srcset=\"https:\/\/ledistingoinfo.com\/wp-content\/uploads\/2026\/09\/1003016796.jpg 792w, https:\/\/ledistingoinfo.com\/wp-content\/uploads\/2026\/09\/1003016796-293x300.jpg 293w, https:\/\/ledistingoinfo.com\/wp-content\/uploads\/2026\/09\/1003016796-768x785.jpg 768w\" sizes=\"(max-width: 792px) 100vw, 792px\" \/><figcaption class=\"wp-element-caption\">Jean-Pierre Sander Louis-Jean-<a href=\"https:\/\/share.google\/6IpjvbYY2YKO3oZk0\">https:\/\/share.google\/6IpjvbYY2YKO3oZk0<\/a><\/figcaption><\/figure>\n\n\n<p><em>Port-au-Prince, 1er septembre 2026<\/em>. La Nonciature apostolique en Ha\u00efti annonce ce mardi la nomination de Mgr Jean-Pierre Sander Louis-Jean. Le pape L\u00e9on XIV le d\u00e9signe \u00e9v\u00eaque du dioc\u00e8se de Fort-Libert\u00e9.<\/p>\n\n<p>La publication officielle intervient \u00e0 midi, heure de Rome, soit 6 heures du matin \u00e0 Port-au-Prince le 1er septembre 2026. Par ailleurs, la Nonciature invite les fid\u00e8les \u00e0 accueillir cette nomination dans un esprit de pri\u00e8re et d&rsquo;esp\u00e9rance.<\/p>\n\n<h2 class=\"wp-block-heading\">Un pasteur form\u00e9 \u00e0 Rome<\/h2>\n\n\n<p>Originaire de J\u00e9r\u00e9mie, Mgr Louis-Jean na\u00eet le 17 octobre 1967. En 1996, il devient pr\u00eatre pour l&rsquo;archidioc\u00e8se de Port-au-Prince. Ensuite, il se sp\u00e9cialise en th\u00e9ologie spirituelle \u00e0 Rome, entre 2005 et 2007.<\/p>\n\n\n\n<p>Il dirige d&rsquo;abord la paroisse Saint-Pierre de P\u00e9tion-Ville, avant de prendre la charge de la cath\u00e9drale de Port-au-Prince en 2020. En parall\u00e8le, il rejoint la Compagnie de Marie. Depuis 2017, il pr\u00e9side \u00e9galement la Commission internationale des Montfortains pour la protection des mineurs, un dossier strat\u00e9gique pour l&rsquo;\u00c9glise.<\/p>\n\n\n\n<p>En mai 2024, le pape Fran\u00e7ois le nomme \u00e9v\u00eaque auxiliaire de Port-au-Prince. Cette exp\u00e9rience renforce alors son ancrage pastoral au c\u0153ur du plus grand archidioc\u00e8se du pays.<\/p>\n\n\n\n<h2 class=\"wp-block-heading\">Un nouveau chapitre pour Fort-Libert\u00e9<\/h2>\n\n\n\n<p>Le dioc\u00e8se de Fort-Libert\u00e9 couvre le d\u00e9partement du Nord-Est. Mgr Louis-Jean y apporte un profil solide, marqu\u00e9 par la formation spirituelle, la cat\u00e9ch\u00e8se et la protection des mineurs.<\/p>\n\n\n\n<p>Son parcours laisse entrevoir des priorit\u00e9s claires. Il devra notamment renforcer la formation des pr\u00eatres et des cat\u00e9chistes. De plus, l&rsquo;accompagnement de la jeunesse et la pr\u00e9sence de l&rsquo;\u00c9glise dans les zones recul\u00e9es figureront parmi ses chantiers. Enfin, son installation canonique sera suivie de pr\u00e8s dans les prochaines semaines.<\/p>\n\n\n\n<p>Le Distingo Info<\/p>\n","protected":false},"excerpt":{"rendered":"<p>Le pape L\u00e9on XIV nomme Mgr Jean-Pierre Sander Louis-Jean \u00e9v\u00eaque du dioc\u00e8se de Fort-Libert\u00e9. L&rsquo;ancien \u00e9v\u00eaque auxiliaire de Port-au-Prince prend ainsi la t\u00eate d&rsquo;un dioc\u00e8se du Nord-Est. Son exp\u00e9rience en formation spirituelle et en protection des mineurs constitue un atout majeur pour cette nouvelle mission. Port-au-Prince, 1er septembre 2026. La Nonciature apostolique en Ha\u00efti annonce [&hellip;]<\/p>\n","protected":false},"author":1,"featured_media":702,"comment_status":"open","ping_status":"open","sticky":false,"template":"","format":"standard","meta":{"_jetpack_memberships_contains_paid_content":false,"footnotes":"","beyondwords_generate_audio":"","beyondwords_project_id":"","beyondwords_content_id":"","beyondwords_preview_token":"","beyondwords_player_content":"","beyondwords_player_style":"","beyondwords_language_code":"","beyondwords_language_id":"","beyondwords_title_voice_id":"","beyondwords_body_voice_id":"","beyondwords_summary_voice_id":"","beyondwords_error_message":"","beyondwords_disabled":"","beyondwords_delete_content":"","beyondwords_podcast_id":"","beyondwords_hash":"","publish_post_to_speechkit":"","speechkit_hash":"","speechkit_generate_audio":"","speechkit_project_id":"","speechkit_podcast_id":"","speechkit_error_message":"","speechkit_disabled":"","speechkit_access_key":"","speechkit_error":"","speechkit_info":"","speechkit_response":"","speechkit_retries":"","speechkit_status":"","speechkit_updated_at":"","_speechkit_link":"","_speechkit_text":""},"categories":[1,17],"tags":[101,99,97,98,96,100,34],"class_list":["post-699","post","type-post","status-publish","format-standard","has-post-thumbnail","hentry","category-actualites","category-societe","tag-diocese","tag-eglise-catholique-haiti","tag-fort-liberte","tag-mgr-louis-jean","tag-nonciature-apostolique","tag-pape-leon-xiv","tag-port-au-prince"],"yoast_head":"<!-- This site is optimized with the Yoast SEO plugin v28.2 - https:\/\/yoast.com\/product\/yoast-seo-wordpress\/ -->\n<title>Mgr Jean-Pierre Sander Louis-Jean nomm\u00e9 \u00e9v\u00eaque de Fort-Libert\u00e9 - Le Distingo Info<\/title>\n<meta name=\"description\" content=\"Le pape L\u00e9on XIV a nomm\u00e9 Mgr Jean-Pierre Sander Louis-Jean \u00e9v\u00eaque du dioc\u00e8se de Fort-Libert\u00e9, en Ha\u00efti. Portrait du nouveau pr\u00e9lat.\" \/>\n<meta name=\"robots\" content=\"index, follow, max-snippet:-1, max-image-preview:large, max-video-preview:-1\" \/>\n<link rel=\"canonical\" href=\"https:\/\/ledistingoinfo.com\/?p=699\" \/>\n<meta property=\"og:locale\" content=\"fr_FR\" \/>\n<meta property=\"og:type\" content=\"article\" \/>\n<meta property=\"og:title\" content=\"Mgr Jean-Pierre Sander Louis-Jean nomm\u00e9 \u00e9v\u00eaque de Fort-Libert\u00e9 - Le Distingo Info\" \/>\n<meta property=\"og:description\" content=\"Le pape L\u00e9on XIV a nomm\u00e9 Mgr Jean-Pierre Sander Louis-Jean \u00e9v\u00eaque du dioc\u00e8se de Fort-Libert\u00e9, en Ha\u00efti. Portrait du nouveau pr\u00e9lat.\" \/>\n<meta property=\"og:url\" content=\"https:\/\/ledistingoinfo.com\/?p=699\" \/>\n<meta property=\"og:site_name\" content=\"Le Distingo Info\" \/>\n<meta property=\"article:published_time\" content=\"2026-09-01T11:54:43+00:00\" \/>\n<meta property=\"article:modified_time\" content=\"2026-09-01T11:54:47+00:00\" \/>\n<meta property=\"og:image\" content=\"https:\/\/ledistingoinfo.com\/wp-content\/uploads\/2026\/09\/1003016796.jpg\" \/>\n\t<meta property=\"og:image:width\" content=\"792\" \/>\n\t<meta property=\"og:image:height\" content=\"810\" \/>\n\t<meta property=\"og:image:type\" content=\"image\/jpeg\" \/>\n<meta name=\"author\" content=\"Le Distingo Info\" \/>\n<meta name=\"twitter:card\" content=\"summary_large_image\" \/>\n<meta name=\"twitter:label1\" content=\"\u00c9crit par\" \/>\n\t<meta name=\"twitter:data1\" content=\"Le Distingo Info\" \/>\n\t<meta name=\"twitter:label2\" content=\"Dur\u00e9e de lecture estim\u00e9e\" \/>\n\t<meta name=\"twitter:data2\" content=\"3 minutes\" \/>\n<script type=\"application\/ld+json\" class=\"yoast-schema-graph\">{\"@context\":\"https:\\\/\\\/schema.org\",\"@graph\":[{\"@type\":\"Article\",\"@id\":\"https:\\\/\\\/ledistingoinfo.com\\\/?p=699#article\",\"isPartOf\":{\"@id\":\"https:\\\/\\\/ledistingoinfo.com\\\/?p=699\"},\"author\":{\"name\":\"Le Distingo Info\",\"@id\":\"https:\\\/\\\/ledistingoinfo.com\\\/#\\\/schema\\\/person\\\/40c982e487f714e93b835b9e915fbc39\"},\"headline\":\"Mgr Jean-Pierre Sander Louis-Jean nomm\u00e9 \u00e9v\u00eaque de Fort-Libert\u00e9\",\"datePublished\":\"2026-09-01T11:54:43+00:00\",\"dateModified\":\"2026-09-01T11:54:47+00:00\",\"mainEntityOfPage\":{\"@id\":\"https:\\\/\\\/ledistingoinfo.com\\\/?p=699\"},\"wordCount\":361,\"commentCount\":0,\"publisher\":{\"@id\":\"https:\\\/\\\/ledistingoinfo.com\\\/#organization\"},\"image\":{\"@id\":\"https:\\\/\\\/ledistingoinfo.com\\\/?p=699#primaryimage\"},\"thumbnailUrl\":\"https:\\\/\\\/ledistingoinfo.com\\\/wp-content\\\/uploads\\\/2026\\\/09\\\/1003016796.jpg\",\"keywords\":[\"Dioc\u00e8se\",\"\u00c9glise catholique Ha\u00efti\",\"Fort-Libert\u00e9\",\"Mgr Louis-Jean\",\"Nonciature apostolique\",\"Pape L\u00e9on XIV\",\"Port-au-Prince\"],\"articleSection\":[\"Actualit\u00e9s\",\"Societe\"],\"inLanguage\":\"fr-FR\",\"potentialAction\":[{\"@type\":\"CommentAction\",\"name\":\"Comment\",\"target\":[\"https:\\\/\\\/ledistingoinfo.com\\\/?p=699#respond\"]}]},{\"@type\":\"WebPage\",\"@id\":\"https:\\\/\\\/ledistingoinfo.com\\\/?p=699\",\"url\":\"https:\\\/\\\/ledistingoinfo.com\\\/?p=699\",\"name\":\"Mgr Jean-Pierre Sander Louis-Jean nomm\u00e9 \u00e9v\u00eaque de Fort-Libert\u00e9 - Le Distingo Info\",\"isPartOf\":{\"@id\":\"https:\\\/\\\/ledistingoinfo.com\\\/#website\"},\"primaryImageOfPage\":{\"@id\":\"https:\\\/\\\/ledistingoinfo.com\\\/?p=699#primaryimage\"},\"image\":{\"@id\":\"https:\\\/\\\/ledistingoinfo.com\\\/?p=699#primaryimage\"},\"thumbnailUrl\":\"https:\\\/\\\/ledistingoinfo.com\\\/wp-content\\\/uploads\\\/2026\\\/09\\\/1003016796.jpg\",\"datePublished\":\"2026-09-01T11:54:43+00:00\",\"dateModified\":\"2026-09-01T11:54:47+00:00\",\"description\":\"Le pape L\u00e9on XIV a nomm\u00e9 Mgr Jean-Pierre Sander Louis-Jean \u00e9v\u00eaque du dioc\u00e8se de Fort-Libert\u00e9, en Ha\u00efti. Portrait du nouveau pr\u00e9lat.\",\"breadcrumb\":{\"@id\":\"https:\\\/\\\/ledistingoinfo.com\\\/?p=699#breadcrumb\"},\"inLanguage\":\"fr-FR\",\"potentialAction\":[{\"@type\":\"ReadAction\",\"target\":[\"https:\\\/\\\/ledistingoinfo.com\\\/?p=699\"]}]},{\"@type\":\"ImageObject\",\"inLanguage\":\"fr-FR\",\"@id\":\"https:\\\/\\\/ledistingoinfo.com\\\/?p=699#primaryimage\",\"url\":\"https:\\\/\\\/ledistingoinfo.com\\\/wp-content\\\/uploads\\\/2026\\\/09\\\/1003016796.jpg\",\"contentUrl\":\"https:\\\/\\\/ledistingoinfo.com\\\/wp-content\\\/uploads\\\/2026\\\/09\\\/1003016796.jpg\",\"width\":792,\"height\":810},{\"@type\":\"BreadcrumbList\",\"@id\":\"https:\\\/\\\/ledistingoinfo.com\\\/?p=699#breadcrumb\",\"itemListElement\":[{\"@type\":\"ListItem\",\"position\":1,\"name\":\"Home\",\"item\":\"https:\\\/\\\/ledistingoinfo.com\\\/\"},{\"@type\":\"ListItem\",\"position\":2,\"name\":\"Mgr Jean-Pierre Sander Louis-Jean nomm\u00e9 \u00e9v\u00eaque de Fort-Libert\u00e9\"}]},{\"@type\":\"WebSite\",\"@id\":\"https:\\\/\\\/ledistingoinfo.com\\\/#website\",\"url\":\"https:\\\/\\\/ledistingoinfo.com\\\/\",\"name\":\"Le Distingo Info\",\"description\":\"Eclairons les id\u00e9es et distinguons les v\u00e9rit\u00e9s \",\"publisher\":{\"@id\":\"https:\\\/\\\/ledistingoinfo.com\\\/#organization\"},\"potentialAction\":[{\"@type\":\"SearchAction\",\"target\":{\"@type\":\"EntryPoint\",\"urlTemplate\":\"https:\\\/\\\/ledistingoinfo.com\\\/?s={search_term_string}\"},\"query-input\":{\"@type\":\"PropertyValueSpecification\",\"valueRequired\":true,\"valueName\":\"search_term_string\"}}],\"inLanguage\":\"fr-FR\"},{\"@type\":\"Organization\",\"@id\":\"https:\\\/\\\/ledistingoinfo.com\\\/#organization\",\"name\":\"Le Distingo Info\",\"url\":\"https:\\\/\\\/ledistingoinfo.com\\\/\",\"logo\":{\"@type\":\"ImageObject\",\"inLanguage\":\"fr-FR\",\"@id\":\"https:\\\/\\\/ledistingoinfo.com\\\/#\\\/schema\\\/logo\\\/image\\\/\",\"url\":\"https:\\\/\\\/ledistingoinfo.com\\\/wp-content\\\/uploads\\\/2025\\\/10\\\/LE-DISTINGO-INFO-scaled.png\",\"contentUrl\":\"https:\\\/\\\/ledistingoinfo.com\\\/wp-content\\\/uploads\\\/2025\\\/10\\\/LE-DISTINGO-INFO-scaled.png\",\"width\":2560,\"height\":1978,\"caption\":\"Le Distingo Info\"},\"image\":{\"@id\":\"https:\\\/\\\/ledistingoinfo.com\\\/#\\\/schema\\\/logo\\\/image\\\/\"}},{\"@type\":\"Person\",\"@id\":\"https:\\\/\\\/ledistingoinfo.com\\\/#\\\/schema\\\/person\\\/40c982e487f714e93b835b9e915fbc39\",\"name\":\"Le Distingo Info\",\"image\":{\"@type\":\"ImageObject\",\"inLanguage\":\"fr-FR\",\"@id\":\"https:\\\/\\\/secure.gravatar.com\\\/avatar\\\/2f4bcfc8f5820de447c61a11d2b0a4bd969c4e7e31f843107429aa0334d11a19?s=96&d=mm&r=g\",\"url\":\"https:\\\/\\\/secure.gravatar.com\\\/avatar\\\/2f4bcfc8f5820de447c61a11d2b0a4bd969c4e7e31f843107429aa0334d11a19?s=96&d=mm&r=g\",\"contentUrl\":\"https:\\\/\\\/secure.gravatar.com\\\/avatar\\\/2f4bcfc8f5820de447c61a11d2b0a4bd969c4e7e31f843107429aa0334d11a19?s=96&d=mm&r=g\",\"caption\":\"Le Distingo Info\"},\"sameAs\":[\"https:\\\/\\\/ledistingoinfo.com\"],\"url\":\"https:\\\/\\\/ledistingoinfo.com\\\/?author=1\"}]}<\/script>\n<!-- \/ Yoast SEO plugin. -->","yoast_head_json":{"title":"Mgr Jean-Pierre Sander Louis-Jean nomm\u00e9 \u00e9v\u00eaque de Fort-Libert\u00e9 - Le Distingo Info","description":"Le pape L\u00e9on XIV a nomm\u00e9 Mgr Jean-Pierre Sander Louis-Jean \u00e9v\u00eaque du dioc\u00e8se de Fort-Libert\u00e9, en Ha\u00efti. Portrait du nouveau pr\u00e9lat.","robots":{"index":"index","follow":"follow","max-snippet":"max-snippet:-1","max-image-preview":"max-image-preview:large","max-video-preview":"max-video-preview:-1"},"canonical":"https:\/\/ledistingoinfo.com\/?p=699","og_locale":"fr_FR","og_type":"article","og_title":"Mgr Jean-Pierre Sander Louis-Jean nomm\u00e9 \u00e9v\u00eaque de Fort-Libert\u00e9 - Le Distingo Info","og_description":"Le pape L\u00e9on XIV a nomm\u00e9 Mgr Jean-Pierre Sander Louis-Jean \u00e9v\u00eaque du dioc\u00e8se de Fort-Libert\u00e9, en Ha\u00efti. Portrait du nouveau pr\u00e9lat.","og_url":"https:\/\/ledistingoinfo.com\/?p=699","og_site_name":"Le Distingo Info","article_published_time":"2026-09-01T11:54:43+00:00","article_modified_time":"2026-09-01T11:54:47+00:00","og_image":[{"width":792,"height":810,"url":"https:\/\/ledistingoinfo.com\/wp-content\/uploads\/2026\/09\/1003016796.jpg","type":"image\/jpeg"}],"author":"Le Distingo Info","twitter_card":"summary_large_image","twitter_misc":{"\u00c9crit par":"Le Distingo Info","Dur\u00e9e de lecture estim\u00e9e":"3 minutes"},"schema":{"@context":"https:\/\/schema.org","@graph":[{"@type":"Article","@id":"https:\/\/ledistingoinfo.com\/?p=699#article","isPartOf":{"@id":"https:\/\/ledistingoinfo.com\/?p=699"},"author":{"name":"Le Distingo Info","@id":"https:\/\/ledistingoinfo.com\/#\/schema\/person\/40c982e487f714e93b835b9e915fbc39"},"headline":"Mgr Jean-Pierre Sander Louis-Jean nomm\u00e9 \u00e9v\u00eaque de Fort-Libert\u00e9","datePublished":"2026-09-01T11:54:43+00:00","dateModified":"2026-09-01T11:54:47+00:00","mainEntityOfPage":{"@id":"https:\/\/ledistingoinfo.com\/?p=699"},"wordCount":361,"commentCount":0,"publisher":{"@id":"https:\/\/ledistingoinfo.com\/#organization"},"image":{"@id":"https:\/\/ledistingoinfo.com\/?p=699#primaryimage"},"thumbnailUrl":"https:\/\/ledistingoinfo.com\/wp-content\/uploads\/2026\/09\/1003016796.jpg","keywords":["Dioc\u00e8se","\u00c9glise catholique Ha\u00efti","Fort-Libert\u00e9","Mgr Louis-Jean","Nonciature apostolique","Pape L\u00e9on XIV","Port-au-Prince"],"articleSection":["Actualit\u00e9s","Societe"],"inLanguage":"fr-FR","potentialAction":[{"@type":"CommentAction","name":"Comment","target":["https:\/\/ledistingoinfo.com\/?p=699#respond"]}]},{"@type":"WebPage","@id":"https:\/\/ledistingoinfo.com\/?p=699","url":"https:\/\/ledistingoinfo.com\/?p=699","name":"Mgr Jean-Pierre Sander Louis-Jean nomm\u00e9 \u00e9v\u00eaque de Fort-Libert\u00e9 - Le Distingo Info","isPartOf":{"@id":"https:\/\/ledistingoinfo.com\/#website"},"primaryImageOfPage":{"@id":"https:\/\/ledistingoinfo.com\/?p=699#primaryimage"},"image":{"@id":"https:\/\/ledistingoinfo.com\/?p=699#primaryimage"},"thumbnailUrl":"https:\/\/ledistingoinfo.com\/wp-content\/uploads\/2026\/09\/1003016796.jpg","datePublished":"2026-09-01T11:54:43+00:00","dateModified":"2026-09-01T11:54:47+00:00","description":"Le pape L\u00e9on XIV a nomm\u00e9 Mgr Jean-Pierre Sander Louis-Jean \u00e9v\u00eaque du dioc\u00e8se de Fort-Libert\u00e9, en Ha\u00efti. Portrait du nouveau pr\u00e9lat.","breadcrumb":{"@id":"https:\/\/ledistingoinfo.com\/?p=699#breadcrumb"},"inLanguage":"fr-FR","potentialAction":[{"@type":"ReadAction","target":["https:\/\/ledistingoinfo.com\/?p=699"]}]},{"@type":"ImageObject","inLanguage":"fr-FR","@id":"https:\/\/ledistingoinfo.com\/?p=699#primaryimage","url":"https:\/\/ledistingoinfo.com\/wp-content\/uploads\/2026\/09\/1003016796.jpg","contentUrl":"https:\/\/ledistingoinfo.com\/wp-content\/uploads\/2026\/09\/1003016796.jpg","width":792,"height":810},{"@type":"BreadcrumbList","@id":"https:\/\/ledistingoinfo.com\/?p=699#breadcrumb","itemListElement":[{"@type":"ListItem","position":1,"name":"Home","item":"https:\/\/ledistingoinfo.com\/"},{"@type":"ListItem","position":2,"name":"Mgr Jean-Pierre Sander Louis-Jean nomm\u00e9 \u00e9v\u00eaque de Fort-Libert\u00e9"}]},{"@type":"WebSite","@id":"https:\/\/ledistingoinfo.com\/#website","url":"https:\/\/ledistingoinfo.com\/","name":"Le Distingo Info","description":"Eclairons les id\u00e9es et distinguons les v\u00e9rit\u00e9s ","publisher":{"@id":"https:\/\/ledistingoinfo.com\/#organization"},"potentialAction":[{"@type":"SearchAction","target":{"@type":"EntryPoint","urlTemplate":"https:\/\/ledistingoinfo.com\/?s={search_term_string}"},"query-input":{"@type":"PropertyValueSpecification","valueRequired":true,"valueName":"search_term_string"}}],"inLanguage":"fr-FR"},{"@type":"Organization","@id":"https:\/\/ledistingoinfo.com\/#organization","name":"Le Distingo Info","url":"https:\/\/ledistingoinfo.com\/","logo":{"@type":"ImageObject","inLanguage":"fr-FR","@id":"https:\/\/ledistingoinfo.com\/#\/schema\/logo\/image\/","url":"https:\/\/ledistingoinfo.com\/wp-content\/uploads\/2025\/10\/LE-DISTINGO-INFO-scaled.png","contentUrl":"https:\/\/ledistingoinfo.com\/wp-content\/uploads\/2025\/10\/LE-DISTINGO-INFO-scaled.png","width":2560,"height":1978,"caption":"Le Distingo Info"},"image":{"@id":"https:\/\/ledistingoinfo.com\/#\/schema\/logo\/image\/"}},{"@type":"Person","@id":"https:\/\/ledistingoinfo.com\/#\/schema\/person\/40c982e487f714e93b835b9e915fbc39","name":"Le Distingo Info","image":{"@type":"ImageObject","inLanguage":"fr-FR","@id":"https:\/\/secure.gravatar.com\/avatar\/2f4bcfc8f5820de447c61a11d2b0a4bd969c4e7e31f843107429aa0334d11a19?s=96&d=mm&r=g","url":"https:\/\/secure.gravatar.com\/avatar\/2f4bcfc8f5820de447c61a11d2b0a4bd969c4e7e31f843107429aa0334d11a19?s=96&d=mm&r=g","contentUrl":"https:\/\/secure.gravatar.com\/avatar\/2f4bcfc8f5820de447c61a11d2b0a4bd969c4e7e31f843107429aa0334d11a19?s=96&d=mm&r=g","caption":"Le Distingo Info"},"sameAs":["https:\/\/ledistingoinfo.com"],"url":"https:\/\/ledistingoinfo.com\/?author=1"}]}},"jetpack_featured_media_url":"https:\/\/ledistingoinfo.com\/wp-content\/uploads\/2026\/09\/1003016796.jpg","jetpack_sharing_enabled":true,"_links":{"self":[{"href":"https:\/\/ledistingoinfo.com\/index.php?rest_route=\/wp\/v2\/posts\/699","targetHints":{"allow":["GET"]}}],"collection":[{"href":"https:\/\/ledistingoinfo.com\/index.php?rest_route=\/wp\/v2\/posts"}],"about":[{"href":"https:\/\/ledistingoinfo.com\/index.php?rest_route=\/wp\/v2\/types\/post"}],"author":[{"embeddable":true,"href":"https:\/\/ledistingoinfo.com\/index.php?rest_route=\/wp\/v2\/users\/1"}],"replies":[{"embeddable":true,"href":"https:\/\/ledistingoinfo.com\/index.php?rest_route=%2Fwp%2Fv2%2Fcomments&post=699"}],"version-history":[{"count":2,"href":"https:\/\/ledistingoinfo.com\/index.php?rest_route=\/wp\/v2\/posts\/699\/revisions"}],"predecessor-version":[{"id":704,"href":"https:\/\/ledistingoinfo.com\/index.php?rest_route=\/wp\/v2\/posts\/699\/revisions\/704"}],"wp:featuredmedia":[{"embeddable":true,"href":"https:\/\/ledistingoinfo.com\/index.php?rest_route=\/wp\/v2\/media\/702"}],"wp:attachment":[{"href":"https:\/\/ledistingoinfo.com\/index.php?rest_route=%2Fwp%2Fv2%2Fmedia&parent=699"}],"wp:term":[{"taxonomy":"category","embeddable":true,"href":"https:\/\/ledistingoinfo.com\/index.php?rest_route=%2Fwp%2Fv2%2Fcategories&post=699"},{"taxonomy":"post_tag","embeddable":true,"href":"https:\/\/ledistingoinfo.com\/index.php?rest_route=%2Fwp%2Fv2%2Ftags&post=699"}],"curies":[{"name":"wp","href":"https:\/\/api.w.org\/{rel}","templated":true}]}}