{"id":664,"date":"2026-09-02T00:30:10","date_gmt":"2026-09-02T04:30:10","guid":{"rendered":"https:\/\/ledistingoinfo.com\/?p=664"},"modified":"2026-09-02T00:30:15","modified_gmt":"2026-09-02T04:30:15","slug":"faa-restrictions-aeriennes-haiti-notam-2026","status":"publish","type":"post","link":"https:\/\/ledistingoinfo.com\/?p=664","title":{"rendered":"Transport a\u00e9rien : les restrictions am\u00e9ricaines se prolongent dans le ciel ha\u00eftien jusqu&rsquo;au 2 mars 2027"},"content":{"rendered":"\n<pre class=\"wp-block-verse\"><strong>La Federal Aviation Administration (FAA) des \u00c9tats-Unis renouvelle ses restrictions sur certaines op\u00e9rations a\u00e9riennes am\u00e9ricaines en Ha\u00efti. La mesure entre en vigueur ce 1er septembre 2026 et reste applicable jusqu'au 2 mars 2027. Elle intervient pr\u00e8s de deux ans apr\u00e8s les premi\u00e8res restrictions, impos\u00e9es en novembre 2024.<\/strong><\/pre>\n\n\n\n<figure class=\"wp-block-image size-full\"><img  title=\"\"   alt=\"1003025167 Transport a\u00e9rien : les restrictions am\u00e9ricaines se prolongent dans le ciel ha\u00eftien jusqu&#039;au 2 mars 2027\"  class=\"wp-image-756\"\/ width=\"690\" height=\"314\" loading=\"eager\" fetchpriority=\"high\" decoding=\"async\" src=\"https:\/\/ledistingoinfo.com\/wp-content\/uploads\/2026\/09\/1003025167.jpg\" srcset=\"https:\/\/ledistingoinfo.com\/wp-content\/uploads\/2026\/09\/1003025167.jpg 690w, https:\/\/ledistingoinfo.com\/wp-content\/uploads\/2026\/09\/1003025167-300x137.jpg 300w\" sizes=\"(max-width: 690px) 100vw, 690px\" \/><\/figure>\n\n\n\n<div class=\"wp-block-group\"><div class=\"wp-block-group__inner-container is-layout-constrained wp-block-group-is-layout-constrained\">\n<div class=\"wp-block-group\"><div class=\"wp-block-group__inner-container is-layout-constrained wp-block-group-is-layout-constrained\">\n<p>La FAA vient de renouveler les limitations impos\u00e9es \u00e0 certaines op\u00e9rations a\u00e9riennes am\u00e9ricaines dans plusieurs zones du territoire et de l&rsquo;espace a\u00e9rien ha\u00eftien. Selon le nouveau NOTAM, r\u00e9f\u00e9renc\u00e9 KICZ A0046\/26, la mesure entre en vigueur ce 1er septembre 2026 \u00e0 12 h 30 UTC. Elle restera applicable jusqu&rsquo;au 2 mars 2027, sauf modification ou lev\u00e9e anticip\u00e9e.<br><br>Cette d\u00e9cision intervient pr\u00e8s de deux ans apr\u00e8s l&rsquo;instauration des premi\u00e8res restrictions am\u00e9ricaines. En effet, la FAA avait impos\u00e9 ses premi\u00e8res limitations en novembre 2024, \u00e0 la suite de plusieurs incidents. Des appareils commerciaux am\u00e9ricains avaient alors \u00e9t\u00e9 vis\u00e9s par des tirs.<br><\/p>\n\n\n\n<h2 class=\"wp-block-heading\"><br>Une zone pr\u00e9cise sous restriction<\/h2>\n\n\n\n<p><br>Le NOTAM interdit les op\u00e9rations a\u00e9riennes entre le sol et 9 999 pieds MSL dans certaines zones du territoire ha\u00eftien. Cette restriction concerne notamment la zone situ\u00e9e au nord et au sud de 18\u00b020&rsquo;00\u00a0\u00bb N, entre la fronti\u00e8re ha\u00eftiano-dominicaine. Elle inclut \u00e9galement un rayon de 15 milles nautiques autour d&rsquo;un point de r\u00e9f\u00e9rence.<br><br>Par ailleurs, la FAA justifie cette mesure par les risques persistants pour la s\u00e9curit\u00e9 des vols. L&rsquo;agence \u00e9voque des tirs d&rsquo;armes l\u00e9g\u00e8res ayant vis\u00e9 des a\u00e9ronefs dans certaines zones du pays. De plus, elle estime que les capacit\u00e9s des forces de s\u00e9curit\u00e9 ha\u00eftiennes \u00e0 pr\u00e9venir ces attaques demeurent limit\u00e9es.<br><\/p>\n\n\n\n<h2 class=\"wp-block-heading\"><br>Des d\u00e9rogations possibles<br><\/h2>\n\n\n\n<p><br>La restriction s&rsquo;applique principalement aux transporteurs a\u00e9riens et exploitants commerciaux am\u00e9ricains. Toutefois, certaines exceptions existent, notamment pour les a\u00e9ronefs immatricul\u00e9s aux \u00c9tats-Unis mais exploit\u00e9s pour le compte d&rsquo;un transporteur \u00e9tranger.<br><br>Ainsi, des d\u00e9rogations restent possibles dans certains cas. Les op\u00e9rations peuvent \u00eatre autoris\u00e9es avec l&rsquo;accord d&rsquo;une autre agence gouvernementale am\u00e9ricaine, ou apr\u00e8s approbation directe de la FAA. Les exploitants concern\u00e9s doivent alors contacter le centre des op\u00e9rations de l&rsquo;agence \u00e0 Washington.<br><\/p>\n\n\n\n<pre class=\"wp-block-verse\">Lire aussi: <a href=\"https:\/\/ledistingoinfo.com\/?p=620\">La Federal Aviation Administration prolonge jusqu\u2019en septembre 2026 l\u2019interdiction de certains vols au-dessus d\u2019Ha\u00efti<\/a><\/pre>\n\n\n\n<h2 class=\"wp-block-heading\"><br>Le Nord toujours privil\u00e9gi\u00e9<br><\/h2>\n\n\n\n<p><br>Cette prolongation renforce la concentration du trafic a\u00e9rien vers le nord d&rsquo;Ha\u00efti. En effet, l&rsquo;a\u00e9roport international du Cap-Ha\u00eftien demeure l&rsquo;une des principales portes d&rsquo;entr\u00e9e a\u00e9riennes op\u00e9rationnelles du pays. La FAA pr\u00e9cise d&rsquo;ailleurs qu&rsquo;elle n&rsquo;a recens\u00e9 aucune attaque contre l&rsquo;aviation dans cette zone.<br><br>Ainsi, la crise s\u00e9curitaire continue de peser sur la connectivit\u00e9 a\u00e9rienne d&rsquo;Ha\u00efti. Le pays reste donc confront\u00e9 \u00e0 une desserte contrainte, avec le Nord comme principal axe de liaison a\u00e9rienne accessible.<br><br>Le Distingo Info<\/p>\n<\/div><\/div>\n<\/div><\/div>\n","protected":false},"excerpt":{"rendered":"<p>La Federal Aviation Administration (FAA) des \u00c9tats-Unis renouvelle ses restrictions sur certaines op\u00e9rations a\u00e9riennes am\u00e9ricaines en Ha\u00efti. La mesure entre en vigueur ce 1er septembre 2026 et reste applicable jusqu&rsquo;au 2 mars 2027. Elle intervient pr\u00e8s de deux ans apr\u00e8s les premi\u00e8res restrictions, impos\u00e9es en novembre 2024. La FAA vient de renouveler les limitations impos\u00e9es [&hellip;]<\/p>\n","protected":false},"author":1,"featured_media":756,"comment_status":"open","ping_status":"open","sticky":false,"template":"","format":"standard","meta":{"_jetpack_memberships_contains_paid_content":false,"footnotes":"","beyondwords_generate_audio":"","beyondwords_project_id":"","beyondwords_content_id":"","beyondwords_preview_token":"","beyondwords_player_content":"","beyondwords_player_style":"","beyondwords_language_code":"","beyondwords_language_id":"","beyondwords_title_voice_id":"","beyondwords_body_voice_id":"","beyondwords_summary_voice_id":"","beyondwords_error_message":"","beyondwords_disabled":"","beyondwords_delete_content":"","beyondwords_podcast_id":"","beyondwords_hash":"","publish_post_to_speechkit":"","speechkit_hash":"","speechkit_generate_audio":"","speechkit_project_id":"","speechkit_podcast_id":"","speechkit_error_message":"","speechkit_disabled":"","speechkit_access_key":"","speechkit_error":"","speechkit_info":"","speechkit_response":"","speechkit_retries":"","speechkit_status":"","speechkit_updated_at":"","_speechkit_link":"","_speechkit_text":""},"categories":[1,70,130],"tags":[129,127,124,128,53,126,125],"class_list":["post-664","post","type-post","status-publish","format-standard","has-post-thumbnail","hentry","category-actualites","category-nouvelle-internationale","category-securite","tag-aerien","tag-aviation-haiti","tag-cap-haitien","tag-espace","tag-faa","tag-notam","tag-securite-aerienne"],"yoast_head":"<!-- This site is optimized with the Yoast SEO plugin v28.2 - https:\/\/yoast.com\/product\/yoast-seo-wordpress\/ -->\n<title>FAA prolonge ses restrictions a\u00e9riennes en Ha\u00efti jusqu&#039;au mars 2027<\/title>\n<meta name=\"description\" content=\"La FAA prolonge ses restrictions a\u00e9riennes en Ha\u00efti jusqu&#039;au 2 mars 2027, selon le NOTAM KICZ A0046\/26. D\u00e9tails de la mesure.\" \/>\n<meta name=\"robots\" content=\"index, follow, max-snippet:-1, max-image-preview:large, max-video-preview:-1\" \/>\n<link rel=\"canonical\" href=\"https:\/\/ledistingoinfo.com\/?p=664\" \/>\n<meta property=\"og:locale\" content=\"fr_FR\" \/>\n<meta property=\"og:type\" content=\"article\" \/>\n<meta property=\"og:title\" content=\"FAA prolonge ses restrictions a\u00e9riennes en Ha\u00efti jusqu&#039;au mars 2027\" \/>\n<meta property=\"og:description\" content=\"La FAA prolonge ses restrictions a\u00e9riennes en Ha\u00efti jusqu&#039;au 2 mars 2027, selon le NOTAM KICZ A0046\/26. D\u00e9tails de la mesure.\" \/>\n<meta property=\"og:url\" content=\"https:\/\/ledistingoinfo.com\/?p=664\" \/>\n<meta property=\"og:site_name\" content=\"Le Distingo Info\" \/>\n<meta property=\"article:published_time\" content=\"2026-09-02T04:30:10+00:00\" \/>\n<meta property=\"article:modified_time\" content=\"2026-09-02T04:30:15+00:00\" \/>\n<meta property=\"og:image\" content=\"https:\/\/ledistingoinfo.com\/wp-content\/uploads\/2026\/09\/1003025167.jpg\" \/>\n\t<meta property=\"og:image:width\" content=\"690\" \/>\n\t<meta property=\"og:image:height\" content=\"314\" \/>\n\t<meta property=\"og:image:type\" content=\"image\/jpeg\" \/>\n<meta name=\"author\" content=\"Le Distingo Info\" \/>\n<meta name=\"twitter:card\" content=\"summary_large_image\" \/>\n<meta name=\"twitter:label1\" content=\"\u00c9crit par\" \/>\n\t<meta name=\"twitter:data1\" content=\"Le Distingo Info\" \/>\n\t<meta name=\"twitter:label2\" content=\"Dur\u00e9e de lecture estim\u00e9e\" \/>\n\t<meta name=\"twitter:data2\" content=\"3 minutes\" \/>\n<script type=\"application\/ld+json\" class=\"yoast-schema-graph\">{\"@context\":\"https:\\\/\\\/schema.org\",\"@graph\":[{\"@type\":\"Article\",\"@id\":\"https:\\\/\\\/ledistingoinfo.com\\\/?p=664#article\",\"isPartOf\":{\"@id\":\"https:\\\/\\\/ledistingoinfo.com\\\/?p=664\"},\"author\":{\"name\":\"Le Distingo Info\",\"@id\":\"https:\\\/\\\/ledistingoinfo.com\\\/#\\\/schema\\\/person\\\/40c982e487f714e93b835b9e915fbc39\"},\"headline\":\"Transport a\u00e9rien : les restrictions am\u00e9ricaines se prolongent dans le ciel ha\u00eftien jusqu&rsquo;au 2 mars 2027\",\"datePublished\":\"2026-09-02T04:30:10+00:00\",\"dateModified\":\"2026-09-02T04:30:15+00:00\",\"mainEntityOfPage\":{\"@id\":\"https:\\\/\\\/ledistingoinfo.com\\\/?p=664\"},\"wordCount\":442,\"commentCount\":0,\"publisher\":{\"@id\":\"https:\\\/\\\/ledistingoinfo.com\\\/#organization\"},\"image\":{\"@id\":\"https:\\\/\\\/ledistingoinfo.com\\\/?p=664#primaryimage\"},\"thumbnailUrl\":\"https:\\\/\\\/ledistingoinfo.com\\\/wp-content\\\/uploads\\\/2026\\\/09\\\/1003025167.jpg\",\"keywords\":[\"a\u00e9rien\",\"Aviation Ha\u00efti\",\"Cap-Ha\u00eftien\",\"Espace\",\"FAA\",\"NOTAM\",\"S\u00e9curit\u00e9 a\u00e9rienne\"],\"articleSection\":[\"Actualit\u00e9s\",\"Nouvelle Internationale\",\"S\u00e9curit\u00e9\"],\"inLanguage\":\"fr-FR\",\"potentialAction\":[{\"@type\":\"CommentAction\",\"name\":\"Comment\",\"target\":[\"https:\\\/\\\/ledistingoinfo.com\\\/?p=664#respond\"]}]},{\"@type\":\"WebPage\",\"@id\":\"https:\\\/\\\/ledistingoinfo.com\\\/?p=664\",\"url\":\"https:\\\/\\\/ledistingoinfo.com\\\/?p=664\",\"name\":\"FAA prolonge ses restrictions a\u00e9riennes en Ha\u00efti jusqu'au mars 2027\",\"isPartOf\":{\"@id\":\"https:\\\/\\\/ledistingoinfo.com\\\/#website\"},\"primaryImageOfPage\":{\"@id\":\"https:\\\/\\\/ledistingoinfo.com\\\/?p=664#primaryimage\"},\"image\":{\"@id\":\"https:\\\/\\\/ledistingoinfo.com\\\/?p=664#primaryimage\"},\"thumbnailUrl\":\"https:\\\/\\\/ledistingoinfo.com\\\/wp-content\\\/uploads\\\/2026\\\/09\\\/1003025167.jpg\",\"datePublished\":\"2026-09-02T04:30:10+00:00\",\"dateModified\":\"2026-09-02T04:30:15+00:00\",\"description\":\"La FAA prolonge ses restrictions a\u00e9riennes en Ha\u00efti jusqu'au 2 mars 2027, selon le NOTAM KICZ A0046\\\/26. D\u00e9tails de la mesure.\",\"breadcrumb\":{\"@id\":\"https:\\\/\\\/ledistingoinfo.com\\\/?p=664#breadcrumb\"},\"inLanguage\":\"fr-FR\",\"potentialAction\":[{\"@type\":\"ReadAction\",\"target\":[\"https:\\\/\\\/ledistingoinfo.com\\\/?p=664\"]}]},{\"@type\":\"ImageObject\",\"inLanguage\":\"fr-FR\",\"@id\":\"https:\\\/\\\/ledistingoinfo.com\\\/?p=664#primaryimage\",\"url\":\"https:\\\/\\\/ledistingoinfo.com\\\/wp-content\\\/uploads\\\/2026\\\/09\\\/1003025167.jpg\",\"contentUrl\":\"https:\\\/\\\/ledistingoinfo.com\\\/wp-content\\\/uploads\\\/2026\\\/09\\\/1003025167.jpg\",\"width\":690,\"height\":314},{\"@type\":\"BreadcrumbList\",\"@id\":\"https:\\\/\\\/ledistingoinfo.com\\\/?p=664#breadcrumb\",\"itemListElement\":[{\"@type\":\"ListItem\",\"position\":1,\"name\":\"Home\",\"item\":\"https:\\\/\\\/ledistingoinfo.com\\\/\"},{\"@type\":\"ListItem\",\"position\":2,\"name\":\"Transport a\u00e9rien : les restrictions am\u00e9ricaines se prolongent dans le ciel ha\u00eftien jusqu&rsquo;au 2 mars 2027\"}]},{\"@type\":\"WebSite\",\"@id\":\"https:\\\/\\\/ledistingoinfo.com\\\/#website\",\"url\":\"https:\\\/\\\/ledistingoinfo.com\\\/\",\"name\":\"Le Distingo Info\",\"description\":\"Eclairons les id\u00e9es et distinguons les v\u00e9rit\u00e9s \",\"publisher\":{\"@id\":\"https:\\\/\\\/ledistingoinfo.com\\\/#organization\"},\"potentialAction\":[{\"@type\":\"SearchAction\",\"target\":{\"@type\":\"EntryPoint\",\"urlTemplate\":\"https:\\\/\\\/ledistingoinfo.com\\\/?s={search_term_string}\"},\"query-input\":{\"@type\":\"PropertyValueSpecification\",\"valueRequired\":true,\"valueName\":\"search_term_string\"}}],\"inLanguage\":\"fr-FR\"},{\"@type\":\"Organization\",\"@id\":\"https:\\\/\\\/ledistingoinfo.com\\\/#organization\",\"name\":\"Le Distingo Info\",\"url\":\"https:\\\/\\\/ledistingoinfo.com\\\/\",\"logo\":{\"@type\":\"ImageObject\",\"inLanguage\":\"fr-FR\",\"@id\":\"https:\\\/\\\/ledistingoinfo.com\\\/#\\\/schema\\\/logo\\\/image\\\/\",\"url\":\"https:\\\/\\\/ledistingoinfo.com\\\/wp-content\\\/uploads\\\/2025\\\/10\\\/LE-DISTINGO-INFO-scaled.png\",\"contentUrl\":\"https:\\\/\\\/ledistingoinfo.com\\\/wp-content\\\/uploads\\\/2025\\\/10\\\/LE-DISTINGO-INFO-scaled.png\",\"width\":2560,\"height\":1978,\"caption\":\"Le Distingo Info\"},\"image\":{\"@id\":\"https:\\\/\\\/ledistingoinfo.com\\\/#\\\/schema\\\/logo\\\/image\\\/\"}},{\"@type\":\"Person\",\"@id\":\"https:\\\/\\\/ledistingoinfo.com\\\/#\\\/schema\\\/person\\\/40c982e487f714e93b835b9e915fbc39\",\"name\":\"Le Distingo Info\",\"image\":{\"@type\":\"ImageObject\",\"inLanguage\":\"fr-FR\",\"@id\":\"https:\\\/\\\/secure.gravatar.com\\\/avatar\\\/2f4bcfc8f5820de447c61a11d2b0a4bd969c4e7e31f843107429aa0334d11a19?s=96&d=mm&r=g\",\"url\":\"https:\\\/\\\/secure.gravatar.com\\\/avatar\\\/2f4bcfc8f5820de447c61a11d2b0a4bd969c4e7e31f843107429aa0334d11a19?s=96&d=mm&r=g\",\"contentUrl\":\"https:\\\/\\\/secure.gravatar.com\\\/avatar\\\/2f4bcfc8f5820de447c61a11d2b0a4bd969c4e7e31f843107429aa0334d11a19?s=96&d=mm&r=g\",\"caption\":\"Le Distingo Info\"},\"sameAs\":[\"https:\\\/\\\/ledistingoinfo.com\"],\"url\":\"https:\\\/\\\/ledistingoinfo.com\\\/?author=1\"}]}<\/script>\n<!-- \/ Yoast SEO plugin. -->","yoast_head_json":{"title":"FAA prolonge ses restrictions a\u00e9riennes en Ha\u00efti jusqu'au mars 2027","description":"La FAA prolonge ses restrictions a\u00e9riennes en Ha\u00efti jusqu'au 2 mars 2027, selon le NOTAM KICZ A0046\/26. D\u00e9tails de la mesure.","robots":{"index":"index","follow":"follow","max-snippet":"max-snippet:-1","max-image-preview":"max-image-preview:large","max-video-preview":"max-video-preview:-1"},"canonical":"https:\/\/ledistingoinfo.com\/?p=664","og_locale":"fr_FR","og_type":"article","og_title":"FAA prolonge ses restrictions a\u00e9riennes en Ha\u00efti jusqu'au mars 2027","og_description":"La FAA prolonge ses restrictions a\u00e9riennes en Ha\u00efti jusqu'au 2 mars 2027, selon le NOTAM KICZ A0046\/26. D\u00e9tails de la mesure.","og_url":"https:\/\/ledistingoinfo.com\/?p=664","og_site_name":"Le Distingo Info","article_published_time":"2026-09-02T04:30:10+00:00","article_modified_time":"2026-09-02T04:30:15+00:00","og_image":[{"width":690,"height":314,"url":"https:\/\/ledistingoinfo.com\/wp-content\/uploads\/2026\/09\/1003025167.jpg","type":"image\/jpeg"}],"author":"Le Distingo Info","twitter_card":"summary_large_image","twitter_misc":{"\u00c9crit par":"Le Distingo Info","Dur\u00e9e de lecture estim\u00e9e":"3 minutes"},"schema":{"@context":"https:\/\/schema.org","@graph":[{"@type":"Article","@id":"https:\/\/ledistingoinfo.com\/?p=664#article","isPartOf":{"@id":"https:\/\/ledistingoinfo.com\/?p=664"},"author":{"name":"Le Distingo Info","@id":"https:\/\/ledistingoinfo.com\/#\/schema\/person\/40c982e487f714e93b835b9e915fbc39"},"headline":"Transport a\u00e9rien : les restrictions am\u00e9ricaines se prolongent dans le ciel ha\u00eftien jusqu&rsquo;au 2 mars 2027","datePublished":"2026-09-02T04:30:10+00:00","dateModified":"2026-09-02T04:30:15+00:00","mainEntityOfPage":{"@id":"https:\/\/ledistingoinfo.com\/?p=664"},"wordCount":442,"commentCount":0,"publisher":{"@id":"https:\/\/ledistingoinfo.com\/#organization"},"image":{"@id":"https:\/\/ledistingoinfo.com\/?p=664#primaryimage"},"thumbnailUrl":"https:\/\/ledistingoinfo.com\/wp-content\/uploads\/2026\/09\/1003025167.jpg","keywords":["a\u00e9rien","Aviation Ha\u00efti","Cap-Ha\u00eftien","Espace","FAA","NOTAM","S\u00e9curit\u00e9 a\u00e9rienne"],"articleSection":["Actualit\u00e9s","Nouvelle Internationale","S\u00e9curit\u00e9"],"inLanguage":"fr-FR","potentialAction":[{"@type":"CommentAction","name":"Comment","target":["https:\/\/ledistingoinfo.com\/?p=664#respond"]}]},{"@type":"WebPage","@id":"https:\/\/ledistingoinfo.com\/?p=664","url":"https:\/\/ledistingoinfo.com\/?p=664","name":"FAA prolonge ses restrictions a\u00e9riennes en Ha\u00efti jusqu'au mars 2027","isPartOf":{"@id":"https:\/\/ledistingoinfo.com\/#website"},"primaryImageOfPage":{"@id":"https:\/\/ledistingoinfo.com\/?p=664#primaryimage"},"image":{"@id":"https:\/\/ledistingoinfo.com\/?p=664#primaryimage"},"thumbnailUrl":"https:\/\/ledistingoinfo.com\/wp-content\/uploads\/2026\/09\/1003025167.jpg","datePublished":"2026-09-02T04:30:10+00:00","dateModified":"2026-09-02T04:30:15+00:00","description":"La FAA prolonge ses restrictions a\u00e9riennes en Ha\u00efti jusqu'au 2 mars 2027, selon le NOTAM KICZ A0046\/26. D\u00e9tails de la mesure.","breadcrumb":{"@id":"https:\/\/ledistingoinfo.com\/?p=664#breadcrumb"},"inLanguage":"fr-FR","potentialAction":[{"@type":"ReadAction","target":["https:\/\/ledistingoinfo.com\/?p=664"]}]},{"@type":"ImageObject","inLanguage":"fr-FR","@id":"https:\/\/ledistingoinfo.com\/?p=664#primaryimage","url":"https:\/\/ledistingoinfo.com\/wp-content\/uploads\/2026\/09\/1003025167.jpg","contentUrl":"https:\/\/ledistingoinfo.com\/wp-content\/uploads\/2026\/09\/1003025167.jpg","width":690,"height":314},{"@type":"BreadcrumbList","@id":"https:\/\/ledistingoinfo.com\/?p=664#breadcrumb","itemListElement":[{"@type":"ListItem","position":1,"name":"Home","item":"https:\/\/ledistingoinfo.com\/"},{"@type":"ListItem","position":2,"name":"Transport a\u00e9rien : les restrictions am\u00e9ricaines se prolongent dans le ciel ha\u00eftien jusqu&rsquo;au 2 mars 2027"}]},{"@type":"WebSite","@id":"https:\/\/ledistingoinfo.com\/#website","url":"https:\/\/ledistingoinfo.com\/","name":"Le Distingo Info","description":"Eclairons les id\u00e9es et distinguons les v\u00e9rit\u00e9s ","publisher":{"@id":"https:\/\/ledistingoinfo.com\/#organization"},"potentialAction":[{"@type":"SearchAction","target":{"@type":"EntryPoint","urlTemplate":"https:\/\/ledistingoinfo.com\/?s={search_term_string}"},"query-input":{"@type":"PropertyValueSpecification","valueRequired":true,"valueName":"search_term_string"}}],"inLanguage":"fr-FR"},{"@type":"Organization","@id":"https:\/\/ledistingoinfo.com\/#organization","name":"Le Distingo Info","url":"https:\/\/ledistingoinfo.com\/","logo":{"@type":"ImageObject","inLanguage":"fr-FR","@id":"https:\/\/ledistingoinfo.com\/#\/schema\/logo\/image\/","url":"https:\/\/ledistingoinfo.com\/wp-content\/uploads\/2025\/10\/LE-DISTINGO-INFO-scaled.png","contentUrl":"https:\/\/ledistingoinfo.com\/wp-content\/uploads\/2025\/10\/LE-DISTINGO-INFO-scaled.png","width":2560,"height":1978,"caption":"Le Distingo Info"},"image":{"@id":"https:\/\/ledistingoinfo.com\/#\/schema\/logo\/image\/"}},{"@type":"Person","@id":"https:\/\/ledistingoinfo.com\/#\/schema\/person\/40c982e487f714e93b835b9e915fbc39","name":"Le Distingo Info","image":{"@type":"ImageObject","inLanguage":"fr-FR","@id":"https:\/\/secure.gravatar.com\/avatar\/2f4bcfc8f5820de447c61a11d2b0a4bd969c4e7e31f843107429aa0334d11a19?s=96&d=mm&r=g","url":"https:\/\/secure.gravatar.com\/avatar\/2f4bcfc8f5820de447c61a11d2b0a4bd969c4e7e31f843107429aa0334d11a19?s=96&d=mm&r=g","contentUrl":"https:\/\/secure.gravatar.com\/avatar\/2f4bcfc8f5820de447c61a11d2b0a4bd969c4e7e31f843107429aa0334d11a19?s=96&d=mm&r=g","caption":"Le Distingo Info"},"sameAs":["https:\/\/ledistingoinfo.com"],"url":"https:\/\/ledistingoinfo.com\/?author=1"}]}},"jetpack_featured_media_url":"https:\/\/ledistingoinfo.com\/wp-content\/uploads\/2026\/09\/1003025167.jpg","jetpack_sharing_enabled":true,"_links":{"self":[{"href":"https:\/\/ledistingoinfo.com\/index.php?rest_route=\/wp\/v2\/posts\/664","targetHints":{"allow":["GET"]}}],"collection":[{"href":"https:\/\/ledistingoinfo.com\/index.php?rest_route=\/wp\/v2\/posts"}],"about":[{"href":"https:\/\/ledistingoinfo.com\/index.php?rest_route=\/wp\/v2\/types\/post"}],"author":[{"embeddable":true,"href":"https:\/\/ledistingoinfo.com\/index.php?rest_route=\/wp\/v2\/users\/1"}],"replies":[{"embeddable":true,"href":"https:\/\/ledistingoinfo.com\/index.php?rest_route=%2Fwp%2Fv2%2Fcomments&post=664"}],"version-history":[{"count":5,"href":"https:\/\/ledistingoinfo.com\/index.php?rest_route=\/wp\/v2\/posts\/664\/revisions"}],"predecessor-version":[{"id":757,"href":"https:\/\/ledistingoinfo.com\/index.php?rest_route=\/wp\/v2\/posts\/664\/revisions\/757"}],"wp:featuredmedia":[{"embeddable":true,"href":"https:\/\/ledistingoinfo.com\/index.php?rest_route=\/wp\/v2\/media\/756"}],"wp:attachment":[{"href":"https:\/\/ledistingoinfo.com\/index.php?rest_route=%2Fwp%2Fv2%2Fmedia&parent=664"}],"wp:term":[{"taxonomy":"category","embeddable":true,"href":"https:\/\/ledistingoinfo.com\/index.php?rest_route=%2Fwp%2Fv2%2Fcategories&post=664"},{"taxonomy":"post_tag","embeddable":true,"href":"https:\/\/ledistingoinfo.com\/index.php?rest_route=%2Fwp%2Fv2%2Ftags&post=664"}],"curies":[{"name":"wp","href":"https:\/\/api.w.org\/{rel}","templated":true}]}}